{"id":20728,"date":"2022-12-16T09:55:36","date_gmt":"2022-12-16T09:55:36","guid":{"rendered":"https:\/\/fotografiaportugal.pt\/site\/?p=20728"},"modified":"2022-12-16T09:59:23","modified_gmt":"2022-12-16T09:59:23","slug":"my-soul-lost-in-tibet","status":"publish","type":"post","link":"https:\/\/fotografiaportugal.pt\/site\/my-soul-lost-in-tibet\/","title":{"rendered":"My Soul Lost in Tibet"},"content":{"rendered":"\n<figure class=\"wp-block-image size-full\"><img loading=\"lazy\" decoding=\"async\" width=\"627\" height=\"418\" src=\"https:\/\/fotografiaportugal.pt\/site\/wp-content\/uploads\/2022\/12\/29Prayer-wheel-2.png\" alt=\"\" class=\"wp-image-20729\" srcset=\"https:\/\/fotografiaportugal.pt\/site\/wp-content\/uploads\/2022\/12\/29Prayer-wheel-2.png 627w, https:\/\/fotografiaportugal.pt\/site\/wp-content\/uploads\/2022\/12\/29Prayer-wheel-2-300x200.png 300w, https:\/\/fotografiaportugal.pt\/site\/wp-content\/uploads\/2022\/12\/29Prayer-wheel-2-416x277.png 416w\" sizes=\"auto, (max-width: 627px) 100vw, 627px\" \/><\/figure>\n\n\n\n<p>As an individual, a photography shot is not only to capture a moment, but it\u2019s a way of creating a meaningful connection with the world and to change my perceptions.<\/p>\n\n\n\n<p>Perhaps, photography is the most authentic way to break the boundaries between people, to unite them through portratiting their own version of their reality.<\/p>\n\n\n\n<p>Tibet is the rooftop of the world with an average elevation of roughly 4,380 meters (14,370 feet) above sea level, and its spiritual center. The wilderness of the landscape makes it nearly untouched. the red of the buildings, involved in a unique beautiful way of chaos, surrounded by peach blossoms, the smell of the food and the daily routines.<\/p>\n\n\n\n<p>Every human would be a portrait with an expressive smile there.&nbsp;<\/p>\n\n\n\n<p>Due to the high altitude, every time I go to Tibet, I find difficulties breathing, and my brain is often empty, creating me, somehow, an exquisite feeling of transcendence. Maybe photography creates us overwhelming obstacles, but being able to portrait something that may be remarkable to someone, translates the real meaning of this way of art that doesn\u2019t need words and eternalizes something that I was the only one able to capture on that specific moment.<\/p>\n\n\n\n<p>*<\/p>\n\n\n\n<p>Como indiv\u00edduo, uma fotografia n\u00e3o \u00e9 apenas para capturar um momento, mas \u00e9 uma forma de criar uma conex\u00e3o significativa com o mundo e mudar minhas perce\u00e7\u00f5es.<\/p>\n\n\n\n<p>Talvez a fotografia seja a forma mais aut\u00eantica de quebrar as fronteiras entre as pessoas, unindo-as atrav\u00e9s do retrato da sua pr\u00f3pria vers\u00e3o da sua realidade.<\/p>\n\n\n\n<p>O Tibete \u00e9 o telhado do mundo com uma eleva\u00e7\u00e3o m\u00e9dia de aproximadamente 4.380 metros (14.370 p\u00e9s) acima do n\u00edvel do mar e seu centro espiritual. A natureza selvagem da paisagem torna-a quase intocada. o vermelho dos edif\u00edcios, envolvidos numa forma \u00fanica de beleza do caos, rodeados pelas flores dos pessegueiros, o cheiro da comida e as rotinas do dia-a-dia.<\/p>\n\n\n\n<p>Todo ser humano seria um retrato com um sorriso expressivo ali.<\/p>\n\n\n\n<p>Devido \u00e0 grande altitude, sempre que vou ao Tibete, encontro dificuldades para respirar, e meu c\u00e9rebro muitas vezes fica vazio, criando em mim, de alguma forma, uma sensa\u00e7\u00e3o deliciosa de transcend\u00eancia.<\/p>\n\n\n\n<p>Talvez a fotografia nos crie obst\u00e1culos avassaladores, mas conseguir retratar algo que pode ser marcante para algu\u00e9m, traduz o real significado desta forma de arte que dispensa palavras e eterniza algo que s\u00f3 eu fui capaz de captar naquele local espec\u00edfico momento.<\/p>\n\n\n\n<p>*<\/p>\n\n\n\n<p>Ver Exposi\u00e7\u00e3o \/ See Exhibition &#8220;<strong>My Soul Lost in Tibet<\/strong>&#8220;:<\/p>\n\n\n<style>#jtg-link-20686{padding: 20px;;border:   ;border-radius: }#jtg-link-20686 {width: 100%;}#jtg-link-20686:hover{}<\/style><style>.modula-best-grid-gallery .modula-fancybox-container.modula-lightbox-jtg-link-20686 {--fancybox-bg:rgba(30,30,30,0.9);--fancybox-opacity:1 !important;}.modula-fancybox-container.modula-lightbox-jtg-link-20686 .modula-fancybox-caption .modula-fancybox-caption__body, .modula-fancybox-container.modula-lightbox-jtg-link-20686 .modula-fancybox-caption .modula-fancybox-caption__body p {text-align:left}.modula-fancybox-container.modula-lightbox-jtg-link-20686 .fancybox__caption {align-self:flex-start}<\/style><a id=\"jtg-link-20686\" data-images=\"[{&quot;src&quot;:&quot;https:\\\/\\\/fotografiaportugal.pt\\\/site\\\/wp-content\\\/uploads\\\/2022\\\/12\\\/1-1the-glance-of-a-monk-.png&quot;,&quot;opts&quot;:{&quot;caption&quot;:&quot;&lt;p&gt;  &lt;\\\/p&gt; &quot;,&quot;thumb&quot;:&quot;https:\\\/\\\/fotografiaportugal.pt\\\/site\\\/wp-content\\\/uploads\\\/2022\\\/12\\\/1-1the-glance-of-a-monk--150x150.png&quot;,&quot;image_id&quot;:&quot;20687&quot;}},{&quot;src&quot;:&quot;https:\\\/\\\/fotografiaportugal.pt\\\/site\\\/wp-content\\\/uploads\\\/2022\\\/12\\\/1A-Monk-of-Sakya-Monastery-1.png&quot;,&quot;opts&quot;:{&quot;caption&quot;:&quot;&lt;p&gt;  &lt;\\\/p&gt; &quot;,&quot;thumb&quot;:&quot;https:\\\/\\\/fotografiaportugal.pt\\\/site\\\/wp-content\\\/uploads\\\/2022\\\/12\\\/1A-Monk-of-Sakya-Monastery-1-150x150.png&quot;,&quot;image_id&quot;:&quot;20688&quot;}},{&quot;src&quot;:&quot;https:\\\/\\\/fotografiaportugal.pt\\\/site\\\/wp-content\\\/uploads\\\/2022\\\/12\\\/2.1-2pages-Sepu-Kangri-Pano-1.jpg&quot;,&quot;opts&quot;:{&quot;caption&quot;:&quot;&lt;p&gt;  &lt;\\\/p&gt; &quot;,&quot;thumb&quot;:&quot;https:\\\/\\\/fotografiaportugal.pt\\\/site\\\/wp-content\\\/uploads\\\/2022\\\/12\\\/2.1-2pages-Sepu-Kangri-Pano-1-150x150.jpg&quot;,&quot;image_id&quot;:&quot;20689&quot;}},{&quot;src&quot;:&quot;https:\\\/\\\/fotografiaportugal.pt\\\/site\\\/wp-content\\\/uploads\\\/2022\\\/12\\\/2-1Toward-Sepu-Kangri-1.jpg&quot;,&quot;opts&quot;:{&quot;caption&quot;:&quot;&lt;p&gt;  &lt;\\\/p&gt; &quot;,&quot;thumb&quot;:&quot;https:\\\/\\\/fotografiaportugal.pt\\\/site\\\/wp-content\\\/uploads\\\/2022\\\/12\\\/2-1Toward-Sepu-Kangri-1-150x150.jpg&quot;,&quot;image_id&quot;:&quot;20690&quot;}},{&quot;src&quot;:&quot;https:\\\/\\\/fotografiaportugal.pt\\\/site\\\/wp-content\\\/uploads\\\/2022\\\/12\\\/3Peach-bloom-dream-1.png&quot;,&quot;opts&quot;:{&quot;caption&quot;:&quot;&lt;p&gt;  &lt;\\\/p&gt; &quot;,&quot;thumb&quot;:&quot;https:\\\/\\\/fotografiaportugal.pt\\\/site\\\/wp-content\\\/uploads\\\/2022\\\/12\\\/3Peach-bloom-dream-1-150x150.png&quot;,&quot;image_id&quot;:&quot;20691&quot;}},{&quot;src&quot;:&quot;https:\\\/\\\/fotografiaportugal.pt\\\/site\\\/wp-content\\\/uploads\\\/2022\\\/12\\\/4.1-2pages-Qomo-Lhari-Pano-1.png&quot;,&quot;opts&quot;:{&quot;caption&quot;:&quot;&lt;p&gt;  &lt;\\\/p&gt; &quot;,&quot;thumb&quot;:&quot;https:\\\/\\\/fotografiaportugal.pt\\\/site\\\/wp-content\\\/uploads\\\/2022\\\/12\\\/4.1-2pages-Qomo-Lhari-Pano-1-150x150.png&quot;,&quot;image_id&quot;:&quot;20692&quot;}},{&quot;src&quot;:&quot;https:\\\/\\\/fotografiaportugal.pt\\\/site\\\/wp-content\\\/uploads\\\/2022\\\/12\\\/4-1glacier-passerby-1.png&quot;,&quot;opts&quot;:{&quot;caption&quot;:&quot;&lt;p&gt;  &lt;\\\/p&gt; &quot;,&quot;thumb&quot;:&quot;https:\\\/\\\/fotografiaportugal.pt\\\/site\\\/wp-content\\\/uploads\\\/2022\\\/12\\\/4-1glacier-passerby-1-150x150.png&quot;,&quot;image_id&quot;:&quot;20693&quot;}},{&quot;src&quot;:&quot;https:\\\/\\\/fotografiaportugal.pt\\\/site\\\/wp-content\\\/uploads\\\/2022\\\/12\\\/5Eyesland-1.png&quot;,&quot;opts&quot;:{&quot;caption&quot;:&quot;&lt;p&gt;  &lt;\\\/p&gt; &quot;,&quot;thumb&quot;:&quot;https:\\\/\\\/fotografiaportugal.pt\\\/site\\\/wp-content\\\/uploads\\\/2022\\\/12\\\/5Eyesland-1-150x150.png&quot;,&quot;image_id&quot;:&quot;20694&quot;}},{&quot;src&quot;:&quot;https:\\\/\\\/fotografiaportugal.pt\\\/site\\\/wp-content\\\/uploads\\\/2022\\\/12\\\/6The-cow-1.png&quot;,&quot;opts&quot;:{&quot;caption&quot;:&quot;&lt;p&gt;  &lt;\\\/p&gt; &quot;,&quot;thumb&quot;:&quot;https:\\\/\\\/fotografiaportugal.pt\\\/site\\\/wp-content\\\/uploads\\\/2022\\\/12\\\/6The-cow-1-150x150.png&quot;,&quot;image_id&quot;:&quot;20695&quot;}},{&quot;src&quot;:&quot;https:\\\/\\\/fotografiaportugal.pt\\\/site\\\/wp-content\\\/uploads\\\/2022\\\/12\\\/7.1-2pagesMeili-Snow-Mountain-Pano-1.png&quot;,&quot;opts&quot;:{&quot;caption&quot;:&quot;&lt;p&gt;  &lt;\\\/p&gt; &quot;,&quot;thumb&quot;:&quot;https:\\\/\\\/fotografiaportugal.pt\\\/site\\\/wp-content\\\/uploads\\\/2022\\\/12\\\/7.1-2pagesMeili-Snow-Mountain-Pano-1-150x150.png&quot;,&quot;image_id&quot;:&quot;20696&quot;}},{&quot;src&quot;:&quot;https:\\\/\\\/fotografiaportugal.pt\\\/site\\\/wp-content\\\/uploads\\\/2022\\\/12\\\/7-1Fishtail-Golden-Peak-1.png&quot;,&quot;opts&quot;:{&quot;caption&quot;:&quot;&lt;p&gt;  &lt;\\\/p&gt; &quot;,&quot;thumb&quot;:&quot;https:\\\/\\\/fotografiaportugal.pt\\\/site\\\/wp-content\\\/uploads\\\/2022\\\/12\\\/7-1Fishtail-Golden-Peak-1-150x150.png&quot;,&quot;image_id&quot;:&quot;20697&quot;}},{&quot;src&quot;:&quot;https:\\\/\\\/fotografiaportugal.pt\\\/site\\\/wp-content\\\/uploads\\\/2022\\\/12\\\/8Great-Canyon-of-the-Yarlung-Tsangpo-River-1.png&quot;,&quot;opts&quot;:{&quot;caption&quot;:&quot;&lt;p&gt;  &lt;\\\/p&gt; &quot;,&quot;thumb&quot;:&quot;https:\\\/\\\/fotografiaportugal.pt\\\/site\\\/wp-content\\\/uploads\\\/2022\\\/12\\\/8Great-Canyon-of-the-Yarlung-Tsangpo-River-1-150x150.png&quot;,&quot;image_id&quot;:&quot;20698&quot;}},{&quot;src&quot;:&quot;https:\\\/\\\/fotografiaportugal.pt\\\/site\\\/wp-content\\\/uploads\\\/2022\\\/12\\\/9Peach-Bloom-under-Snow-Peak-1.jpg&quot;,&quot;opts&quot;:{&quot;caption&quot;:&quot;&lt;p&gt;  &lt;\\\/p&gt; &quot;,&quot;thumb&quot;:&quot;https:\\\/\\\/fotografiaportugal.pt\\\/site\\\/wp-content\\\/uploads\\\/2022\\\/12\\\/9Peach-Bloom-under-Snow-Peak-1-150x150.jpg&quot;,&quot;image_id&quot;:&quot;20699&quot;}},{&quot;src&quot;:&quot;https:\\\/\\\/fotografiaportugal.pt\\\/site\\\/wp-content\\\/uploads\\\/2022\\\/12\\\/10.Waiting-under-the-peah-bloom-1.jpg&quot;,&quot;opts&quot;:{&quot;caption&quot;:&quot;&lt;p&gt;  &lt;\\\/p&gt; &quot;,&quot;thumb&quot;:&quot;https:\\\/\\\/fotografiaportugal.pt\\\/site\\\/wp-content\\\/uploads\\\/2022\\\/12\\\/10.Waiting-under-the-peah-bloom-1-150x150.jpg&quot;,&quot;image_id&quot;:&quot;20700&quot;}},{&quot;src&quot;:&quot;https:\\\/\\\/fotografiaportugal.pt\\\/site\\\/wp-content\\\/uploads\\\/2022\\\/12\\\/11Shades-of-Blooms-1.jpg&quot;,&quot;opts&quot;:{&quot;caption&quot;:&quot;&lt;p&gt;  &lt;\\\/p&gt; &quot;,&quot;thumb&quot;:&quot;https:\\\/\\\/fotografiaportugal.pt\\\/site\\\/wp-content\\\/uploads\\\/2022\\\/12\\\/11Shades-of-Blooms-1-150x150.jpg&quot;,&quot;image_id&quot;:&quot;20701&quot;}},{&quot;src&quot;:&quot;https:\\\/\\\/fotografiaportugal.pt\\\/site\\\/wp-content\\\/uploads\\\/2022\\\/12\\\/12.1-2pages-Qilian-Mountains-1.jpg&quot;,&quot;opts&quot;:{&quot;caption&quot;:&quot;&lt;p&gt;  &lt;\\\/p&gt; &quot;,&quot;thumb&quot;:&quot;https:\\\/\\\/fotografiaportugal.pt\\\/site\\\/wp-content\\\/uploads\\\/2022\\\/12\\\/12.1-2pages-Qilian-Mountains-1-150x150.jpg&quot;,&quot;image_id&quot;:&quot;20702&quot;}},{&quot;src&quot;:&quot;https:\\\/\\\/fotografiaportugal.pt\\\/site\\\/wp-content\\\/uploads\\\/2022\\\/12\\\/12-1Sea-of-rape-flowers-1.jpg&quot;,&quot;opts&quot;:{&quot;caption&quot;:&quot;&lt;p&gt;  &lt;\\\/p&gt; &quot;,&quot;thumb&quot;:&quot;https:\\\/\\\/fotografiaportugal.pt\\\/site\\\/wp-content\\\/uploads\\\/2022\\\/12\\\/12-1Sea-of-rape-flowers-1-150x150.jpg&quot;,&quot;image_id&quot;:&quot;20703&quot;}},{&quot;src&quot;:&quot;https:\\\/\\\/fotografiaportugal.pt\\\/site\\\/wp-content\\\/uploads\\\/2022\\\/12\\\/13.1-2pages-sacred-mountain-and-lake-1.png&quot;,&quot;opts&quot;:{&quot;caption&quot;:&quot;&lt;p&gt;  &lt;\\\/p&gt; &quot;,&quot;thumb&quot;:&quot;https:\\\/\\\/fotografiaportugal.pt\\\/site\\\/wp-content\\\/uploads\\\/2022\\\/12\\\/13.1-2pages-sacred-mountain-and-lake-1-150x150.png&quot;,&quot;image_id&quot;:&quot;20704&quot;}},{&quot;src&quot;:&quot;https:\\\/\\\/fotografiaportugal.pt\\\/site\\\/wp-content\\\/uploads\\\/2022\\\/12\\\/13-1Jesus-Light-1.png&quot;,&quot;opts&quot;:{&quot;caption&quot;:&quot;&lt;p&gt;  &lt;\\\/p&gt; &quot;,&quot;thumb&quot;:&quot;https:\\\/\\\/fotografiaportugal.pt\\\/site\\\/wp-content\\\/uploads\\\/2022\\\/12\\\/13-1Jesus-Light-1-150x150.png&quot;,&quot;image_id&quot;:&quot;20705&quot;}},{&quot;src&quot;:&quot;https:\\\/\\\/fotografiaportugal.pt\\\/site\\\/wp-content\\\/uploads\\\/2022\\\/12\\\/14Desert-on-the-Roof-of-the-World-1.jpg&quot;,&quot;opts&quot;:{&quot;caption&quot;:&quot;&lt;p&gt;  &lt;\\\/p&gt; &quot;,&quot;thumb&quot;:&quot;https:\\\/\\\/fotografiaportugal.pt\\\/site\\\/wp-content\\\/uploads\\\/2022\\\/12\\\/14Desert-on-the-Roof-of-the-World-1-150x150.jpg&quot;,&quot;image_id&quot;:&quot;20706&quot;}},{&quot;src&quot;:&quot;https:\\\/\\\/fotografiaportugal.pt\\\/site\\\/wp-content\\\/uploads\\\/2022\\\/12\\\/15.1-2pagesKarakorum-Mountain-1.jpg&quot;,&quot;opts&quot;:{&quot;caption&quot;:&quot;&lt;p&gt;  &lt;\\\/p&gt; &quot;,&quot;thumb&quot;:&quot;https:\\\/\\\/fotografiaportugal.pt\\\/site\\\/wp-content\\\/uploads\\\/2022\\\/12\\\/15.1-2pagesKarakorum-Mountain-1-150x150.jpg&quot;,&quot;image_id&quot;:&quot;20707&quot;}},{&quot;src&quot;:&quot;https:\\\/\\\/fotografiaportugal.pt\\\/site\\\/wp-content\\\/uploads\\\/2022\\\/12\\\/15-1Stone-Forest-1.png&quot;,&quot;opts&quot;:{&quot;caption&quot;:&quot;&lt;p&gt;  &lt;\\\/p&gt; &quot;,&quot;thumb&quot;:&quot;https:\\\/\\\/fotografiaportugal.pt\\\/site\\\/wp-content\\\/uploads\\\/2022\\\/12\\\/15-1Stone-Forest-1-150x150.png&quot;,&quot;image_id&quot;:&quot;20708&quot;}},{&quot;src&quot;:&quot;https:\\\/\\\/fotografiaportugal.pt\\\/site\\\/wp-content\\\/uploads\\\/2022\\\/12\\\/16Zhangye-Seven-color-Danxia-1.jpg&quot;,&quot;opts&quot;:{&quot;caption&quot;:&quot;&lt;p&gt;  &lt;\\\/p&gt; &quot;,&quot;thumb&quot;:&quot;https:\\\/\\\/fotografiaportugal.pt\\\/site\\\/wp-content\\\/uploads\\\/2022\\\/12\\\/16Zhangye-Seven-color-Danxia-1-150x150.jpg&quot;,&quot;image_id&quot;:&quot;20709&quot;}},{&quot;src&quot;:&quot;https:\\\/\\\/fotografiaportugal.pt\\\/site\\\/wp-content\\\/uploads\\\/2022\\\/12\\\/17-Guge-Dynasty-1.jpg&quot;,&quot;opts&quot;:{&quot;caption&quot;:&quot;&lt;p&gt;  &lt;\\\/p&gt; &quot;,&quot;thumb&quot;:&quot;https:\\\/\\\/fotografiaportugal.pt\\\/site\\\/wp-content\\\/uploads\\\/2022\\\/12\\\/17-Guge-Dynasty-1-150x150.jpg&quot;,&quot;image_id&quot;:&quot;20710&quot;}},{&quot;src&quot;:&quot;https:\\\/\\\/fotografiaportugal.pt\\\/site\\\/wp-content\\\/uploads\\\/2022\\\/12\\\/18Yongbulakang-1.jpg&quot;,&quot;opts&quot;:{&quot;caption&quot;:&quot;&lt;p&gt;  &lt;\\\/p&gt; &quot;,&quot;thumb&quot;:&quot;https:\\\/\\\/fotografiaportugal.pt\\\/site\\\/wp-content\\\/uploads\\\/2022\\\/12\\\/18Yongbulakang-1-150x150.jpg&quot;,&quot;image_id&quot;:&quot;20711&quot;}},{&quot;src&quot;:&quot;https:\\\/\\\/fotografiaportugal.pt\\\/site\\\/wp-content\\\/uploads\\\/2022\\\/12\\\/20-Yachinji-Corridor-1.jpg&quot;,&quot;opts&quot;:{&quot;caption&quot;:&quot;&lt;p&gt;  &lt;\\\/p&gt; &quot;,&quot;thumb&quot;:&quot;https:\\\/\\\/fotografiaportugal.pt\\\/site\\\/wp-content\\\/uploads\\\/2022\\\/12\\\/20-Yachinji-Corridor-1-150x150.jpg&quot;,&quot;image_id&quot;:&quot;20712&quot;}},{&quot;src&quot;:&quot;https:\\\/\\\/fotografiaportugal.pt\\\/site\\\/wp-content\\\/uploads\\\/2022\\\/12\\\/21-Seda-Buddhist-College-1.png&quot;,&quot;opts&quot;:{&quot;caption&quot;:&quot;&lt;p&gt;  &lt;\\\/p&gt; &quot;,&quot;thumb&quot;:&quot;https:\\\/\\\/fotografiaportugal.pt\\\/site\\\/wp-content\\\/uploads\\\/2022\\\/12\\\/21-Seda-Buddhist-College-1-150x150.png&quot;,&quot;image_id&quot;:&quot;20713&quot;}},{&quot;src&quot;:&quot;https:\\\/\\\/fotografiaportugal.pt\\\/site\\\/wp-content\\\/uploads\\\/2022\\\/12\\\/22-Tibetan-Scriptures-1.jpg&quot;,&quot;opts&quot;:{&quot;caption&quot;:&quot;&lt;p&gt;  &lt;\\\/p&gt; &quot;,&quot;thumb&quot;:&quot;https:\\\/\\\/fotografiaportugal.pt\\\/site\\\/wp-content\\\/uploads\\\/2022\\\/12\\\/22-Tibetan-Scriptures-1-150x150.jpg&quot;,&quot;image_id&quot;:&quot;20714&quot;}},{&quot;src&quot;:&quot;https:\\\/\\\/fotografiaportugal.pt\\\/site\\\/wp-content\\\/uploads\\\/2022\\\/12\\\/23Crow-and-White-Dagoba-1.png&quot;,&quot;opts&quot;:{&quot;caption&quot;:&quot;&lt;p&gt;  &lt;\\\/p&gt; &quot;,&quot;thumb&quot;:&quot;https:\\\/\\\/fotografiaportugal.pt\\\/site\\\/wp-content\\\/uploads\\\/2022\\\/12\\\/23Crow-and-White-Dagoba-1-150x150.png&quot;,&quot;image_id&quot;:&quot;20715&quot;}},{&quot;src&quot;:&quot;https:\\\/\\\/fotografiaportugal.pt\\\/site\\\/wp-content\\\/uploads\\\/2022\\\/12\\\/24-Sangye-Monastery-Old-Main-1.jpg&quot;,&quot;opts&quot;:{&quot;caption&quot;:&quot;&lt;p&gt;  &lt;\\\/p&gt; &quot;,&quot;thumb&quot;:&quot;https:\\\/\\\/fotografiaportugal.pt\\\/site\\\/wp-content\\\/uploads\\\/2022\\\/12\\\/24-Sangye-Monastery-Old-Main-1-150x150.jpg&quot;,&quot;image_id&quot;:&quot;20716&quot;}},{&quot;src&quot;:&quot;https:\\\/\\\/fotografiaportugal.pt\\\/site\\\/wp-content\\\/uploads\\\/2022\\\/12\\\/26Buddhists-in-the-door-1.jpg&quot;,&quot;opts&quot;:{&quot;caption&quot;:&quot;&lt;p&gt;  &lt;\\\/p&gt; &quot;,&quot;thumb&quot;:&quot;https:\\\/\\\/fotografiaportugal.pt\\\/site\\\/wp-content\\\/uploads\\\/2022\\\/12\\\/26Buddhists-in-the-door-1-150x150.jpg&quot;,&quot;image_id&quot;:&quot;20717&quot;}},{&quot;src&quot;:&quot;https:\\\/\\\/fotografiaportugal.pt\\\/site\\\/wp-content\\\/uploads\\\/2022\\\/12\\\/27-Facing-Sakya-Monastery-1.png&quot;,&quot;opts&quot;:{&quot;caption&quot;:&quot;&lt;p&gt;  &lt;\\\/p&gt; &quot;,&quot;thumb&quot;:&quot;https:\\\/\\\/fotografiaportugal.pt\\\/site\\\/wp-content\\\/uploads\\\/2022\\\/12\\\/27-Facing-Sakya-Monastery-1-150x150.png&quot;,&quot;image_id&quot;:&quot;20718&quot;}},{&quot;src&quot;:&quot;https:\\\/\\\/fotografiaportugal.pt\\\/site\\\/wp-content\\\/uploads\\\/2022\\\/12\\\/28Encounter-1.jpg&quot;,&quot;opts&quot;:{&quot;caption&quot;:&quot;&lt;p&gt;  &lt;\\\/p&gt; &quot;,&quot;thumb&quot;:&quot;https:\\\/\\\/fotografiaportugal.pt\\\/site\\\/wp-content\\\/uploads\\\/2022\\\/12\\\/28Encounter-1-150x150.jpg&quot;,&quot;image_id&quot;:&quot;20719&quot;}},{&quot;src&quot;:&quot;https:\\\/\\\/fotografiaportugal.pt\\\/site\\\/wp-content\\\/uploads\\\/2022\\\/12\\\/29Prayer-wheel-1.png&quot;,&quot;opts&quot;:{&quot;caption&quot;:&quot;&lt;p&gt;  &lt;\\\/p&gt; &quot;,&quot;thumb&quot;:&quot;https:\\\/\\\/fotografiaportugal.pt\\\/site\\\/wp-content\\\/uploads\\\/2022\\\/12\\\/29Prayer-wheel-1-150x150.png&quot;,&quot;image_id&quot;:&quot;20720&quot;}},{&quot;src&quot;:&quot;https:\\\/\\\/fotografiaportugal.pt\\\/site\\\/wp-content\\\/uploads\\\/2022\\\/12\\\/30Derung-Lady-1.png&quot;,&quot;opts&quot;:{&quot;caption&quot;:&quot;&lt;p&gt;  &lt;\\\/p&gt; &quot;,&quot;thumb&quot;:&quot;https:\\\/\\\/fotografiaportugal.pt\\\/site\\\/wp-content\\\/uploads\\\/2022\\\/12\\\/30Derung-Lady-1-150x150.png&quot;,&quot;image_id&quot;:&quot;20721&quot;}},{&quot;src&quot;:&quot;https:\\\/\\\/fotografiaportugal.pt\\\/site\\\/wp-content\\\/uploads\\\/2022\\\/12\\\/31Golden-Peak-of-Kawabog-1.png&quot;,&quot;opts&quot;:{&quot;caption&quot;:&quot;&lt;p&gt;  &lt;\\\/p&gt; &quot;,&quot;thumb&quot;:&quot;https:\\\/\\\/fotografiaportugal.pt\\\/site\\\/wp-content\\\/uploads\\\/2022\\\/12\\\/31Golden-Peak-of-Kawabog-1-150x150.png&quot;,&quot;image_id&quot;:&quot;20722&quot;}},{&quot;src&quot;:&quot;https:\\\/\\\/fotografiaportugal.pt\\\/site\\\/wp-content\\\/uploads\\\/2022\\\/12\\\/32Fish-Tail-Peak-1.png&quot;,&quot;opts&quot;:{&quot;caption&quot;:&quot;&lt;p&gt;  &lt;\\\/p&gt; &quot;,&quot;thumb&quot;:&quot;https:\\\/\\\/fotografiaportugal.pt\\\/site\\\/wp-content\\\/uploads\\\/2022\\\/12\\\/32Fish-Tail-Peak-1-150x150.png&quot;,&quot;image_id&quot;:&quot;20723&quot;}},{&quot;src&quot;:&quot;https:\\\/\\\/fotografiaportugal.pt\\\/site\\\/wp-content\\\/uploads\\\/2022\\\/12\\\/33Namjagbarwa-Peak-1.jpg&quot;,&quot;opts&quot;:{&quot;caption&quot;:&quot;&lt;p&gt;  &lt;\\\/p&gt; &quot;,&quot;thumb&quot;:&quot;https:\\\/\\\/fotografiaportugal.pt\\\/site\\\/wp-content\\\/uploads\\\/2022\\\/12\\\/33Namjagbarwa-Peak-1-150x150.jpg&quot;,&quot;image_id&quot;:&quot;20724&quot;}},{&quot;src&quot;:&quot;https:\\\/\\\/fotografiaportugal.pt\\\/site\\\/wp-content\\\/uploads\\\/2022\\\/12\\\/34Zhuomugangri-1.jpg&quot;,&quot;opts&quot;:{&quot;caption&quot;:&quot;&lt;p&gt;  &lt;\\\/p&gt; &quot;,&quot;thumb&quot;:&quot;https:\\\/\\\/fotografiaportugal.pt\\\/site\\\/wp-content\\\/uploads\\\/2022\\\/12\\\/34Zhuomugangri-1-150x150.jpg&quot;,&quot;image_id&quot;:&quot;20725&quot;}},{&quot;src&quot;:&quot;https:\\\/\\\/fotografiaportugal.pt\\\/site\\\/wp-content\\\/uploads\\\/2022\\\/12\\\/35Qilian-Grassland-1.png&quot;,&quot;opts&quot;:{&quot;caption&quot;:&quot;&lt;p&gt;  &lt;\\\/p&gt; &quot;,&quot;thumb&quot;:&quot;https:\\\/\\\/fotografiaportugal.pt\\\/site\\\/wp-content\\\/uploads\\\/2022\\\/12\\\/35Qilian-Grassland-1-150x150.png&quot;,&quot;image_id&quot;:&quot;20726&quot;}},{&quot;src&quot;:&quot;https:\\\/\\\/fotografiaportugal.pt\\\/site\\\/wp-content\\\/uploads\\\/2022\\\/12\\\/36Yak-and-Snow-peak-1.jpg&quot;,&quot;opts&quot;:{&quot;caption&quot;:&quot;&lt;p&gt;  &lt;\\\/p&gt; &quot;,&quot;thumb&quot;:&quot;https:\\\/\\\/fotografiaportugal.pt\\\/site\\\/wp-content\\\/uploads\\\/2022\\\/12\\\/36Yak-and-Snow-peak-1-150x150.jpg&quot;,&quot;image_id&quot;:&quot;20727&quot;}}]\" data-config=\"{&quot;lightbox&quot;:&quot;true&quot;,&quot;lightboxOpts&quot;:{&quot;animated&quot;:true,&quot;Thumbs&quot;:{&quot;type&quot;:&quot;modern&quot;,&quot;showOnStart&quot;:false},&quot;Toolbar&quot;:{&quot;display&quot;:{&quot;right&quot;:[&quot;share&quot;,&quot;close&quot;],&quot;left&quot;:[&quot;infobar&quot;]},&quot;enabled&quot;:true,&quot;items&quot;:{&quot;share&quot;:{&quot;tpl&quot;:&quot;&lt;button data-fancybox-share class=\\&quot;f-button\\&quot;&gt;&lt;svg xmlns=\\&quot;http:\\\/\\\/www.w3.org\\\/2000\\\/svg\\&quot; viewBox=\\&quot;0 0 24 24\\&quot;&gt;&lt;path d=\\&quot;M2.55 19c1.4-8.4 9.1-9.8 11.9-9.8V5l7 7-7 6.3v-3.5c-2.8 0-10.5 2.1-11.9 4.2z\\&quot;\\\/&gt;&lt;\\\/svg&gt;&lt;\\\/button&gt;&quot;}}},&quot;Carousel&quot;:{&quot;Panzoom&quot;:{&quot;touch&quot;:false},&quot;infinite&quot;:false,&quot;transition&quot;:&quot;fade&quot;},&quot;keyboard&quot;:{&quot;Escape&quot;:&quot;close&quot;,&quot;Delete&quot;:&quot;close&quot;,&quot;Backspace&quot;:&quot;close&quot;,&quot;PageUp&quot;:&quot;next&quot;,&quot;PageDown&quot;:&quot;prev&quot;,&quot;ArrowUp&quot;:&quot;prev&quot;,&quot;ArrowDown&quot;:&quot;next&quot;,&quot;ArrowRight&quot;:&quot;next&quot;,&quot;ArrowLeft&quot;:&quot;prev&quot;},&quot;touch&quot;:false,&quot;backdropClick&quot;:false,&quot;l10n&quot;:{&quot;CLOSE&quot;:&quot;Close&quot;,&quot;NEXT&quot;:&quot;Next&quot;,&quot;PREV&quot;:&quot;Previous&quot;,&quot;Error&quot;:&quot;The requested content cannot be loaded. Please try again later.&quot;,&quot;PLAY_START&quot;:&quot;Start slideshow&quot;,&quot;PLAY_STOP&quot;:&quot;Pause slideshow&quot;,&quot;FULL_SCREEN&quot;:&quot;Full screen&quot;,&quot;THUMBS&quot;:&quot;Thumbnails&quot;,&quot;DOWNLOAD&quot;:&quot;Download&quot;,&quot;SHARE&quot;:&quot;Share&quot;,&quot;ZOOM&quot;:&quot;Zoom&quot;,&quot;EMAIL&quot;:&quot;Here is the link to the image : %%image_link%% and this is the link to the gallery : %%gallery_link%%&quot;,&quot;MODAL&quot;:&quot;You can close this modal content with the ESC key&quot;,&quot;ERROR&quot;:&quot;Something Went Wrong, Please Try Again Later&quot;,&quot;IMAGE_ERROR&quot;:&quot;Image Not Found&quot;,&quot;ELEMENT_NOT_FOUND&quot;:&quot;HTML Element Not Found&quot;,&quot;AJAX_NOT_FOUND&quot;:&quot;Error Loading AJAX : Not Found&quot;,&quot;AJAX_FORBIDDEN&quot;:&quot;Error Loading AJAX : Forbidden&quot;,&quot;IFRAME_ERROR&quot;:&quot;Error Loading Page&quot;,&quot;TOGGLE_ZOOM&quot;:&quot;Toggle zoom level&quot;,&quot;TOGGLE_THUMBS&quot;:&quot;Toggle thumbnails&quot;,&quot;TOGGLE_SLIDESHOW&quot;:&quot;Toggle slideshow&quot;,&quot;TOGGLE_FULLSCREEN&quot;:&quot;Toggle full-screen mode&quot;},&quot;Images&quot;:{&quot;Panzoom&quot;:{&quot;maxScale&quot;:2}},&quot;toolbar&quot;:true,&quot;modulaShare&quot;:[&quot;facebook&quot;,&quot;twitter&quot;,&quot;whatsapp&quot;,&quot;linkedin&quot;,&quot;pinterest&quot;,&quot;email&quot;],&quot;lightboxEmailSubject&quot;:&quot;Check out this awesome image !!&quot;,&quot;lightboxEmailMessage&quot;:&quot;Here is the link to the image : %%image_link%% and this is the link to the gallery : %%gallery_link%%&quot;,&quot;messageGallery&quot;:&quot;Here is the link to the gallery :&quot;,&quot;wheel&quot;:false,&quot;animationEffect&quot;:&quot;false&quot;,&quot;animationDuration&quot;:366,&quot;transitionEffect&quot;:&quot;false&quot;,&quot;Html&quot;:{&quot;videoAutoplay&quot;:0,&quot;videoTpl&quot;:&quot;&lt;video class=\\&quot;fancybox__html5video modula_html5_video\\&quot; controls playsinline controlsList controlsList=\\&quot;nodownload\\&quot; poster=\\&quot;{{poster}}\\&quot; src=\\&quot;{{src}}\\&quot; type=\\&quot;{{format}}\\&quot; &gt;  Sorry, your browser doesn&#039;t support embedded videos, &lt;a href=\\&quot;{{src}}\\&quot;&gt; download &lt;\\\/a&gt; and watch with your favorite video player! &lt;\\\/video&gt;&quot;,&quot;vimeo&quot;:{&quot;autopause&quot;:0}},&quot;mainClass&quot;:&quot;modula-fancybox-container modula-lightbox-jtg-link-20686&quot;},&quot;options&quot;:{&quot;enableSlideshow&quot;:0,&quot;enableAutoplay&quot;:&quot;0&quot;,&quot;slideshowSpeed&quot;:5000,&quot;pauseOnHover&quot;:&quot;0&quot;}}\" class=\"jtg-20686 modula-link\" href=\"#\">My Soul Lost in Tibet<\/a>\n\n\n<p><strong>Yi Xu<\/strong><\/p>\n\n\n\n<div data-wp-interactive=\"core\/file\" class=\"wp-block-file\"><object data-wp-bind--hidden=\"!state.hasPdfPreview\" hidden class=\"wp-block-file__embed\" data=\"https:\/\/fotografiaportugal.pt\/site\/wp-content\/uploads\/2022\/12\/Yi_Xu-Photographer.pdf\" type=\"application\/pdf\" style=\"width:100%;height:600px\" aria-label=\"Incorpora\u00e7\u00e3o de Incorpora\u00e7\u00e3o de Yi_Xu-Photographer..\"><\/object><a id=\"wp-block-file--media-f6b1fa4d-6c29-44dc-9272-42438c5a42e2\" href=\"https:\/\/fotografiaportugal.pt\/site\/wp-content\/uploads\/2022\/12\/Yi_Xu-Photographer.pdf\">Yi_Xu-Photographer<\/a><a href=\"https:\/\/fotografiaportugal.pt\/site\/wp-content\/uploads\/2022\/12\/Yi_Xu-Photographer.pdf\" class=\"wp-block-file__button\" download aria-describedby=\"wp-block-file--media-f6b1fa4d-6c29-44dc-9272-42438c5a42e2\">Descarregar<\/a><\/div>\n\n\n\n<div data-wp-interactive=\"core\/file\" class=\"wp-block-file\"><object data-wp-bind--hidden=\"!state.hasPdfPreview\" hidden class=\"wp-block-file__embed\" data=\"https:\/\/fotografiaportugal.pt\/site\/wp-content\/uploads\/2022\/12\/Yi-Xu-PT-CV.pdf\" type=\"application\/pdf\" style=\"width:100%;height:600px\" aria-label=\"Incorpora\u00e7\u00e3o de Incorpora\u00e7\u00e3o de Yi-Xu-PT-CV..\"><\/object><a id=\"wp-block-file--media-0f4b3c4c-a0b0-40ca-a9e0-af310aebf4a7\" href=\"https:\/\/fotografiaportugal.pt\/site\/wp-content\/uploads\/2022\/12\/Yi-Xu-PT-CV.pdf\">Yi-Xu-PT-CV<\/a><a href=\"https:\/\/fotografiaportugal.pt\/site\/wp-content\/uploads\/2022\/12\/Yi-Xu-PT-CV.pdf\" class=\"wp-block-file__button\" download aria-describedby=\"wp-block-file--media-0f4b3c4c-a0b0-40ca-a9e0-af310aebf4a7\">Descarregar<\/a><\/div>\n","protected":false},"excerpt":{"rendered":"<p>As an individual, a photography shot is not only to capture a moment, but it\u2019s a way of creating a meaningful connection with the world and to change my perceptions. Perhaps, photography is the most authentic way to break the boundaries between people, to unite them through portratiting their own version of their reality. Tibet [&hellip;]<\/p>\n","protected":false},"author":2629,"featured_media":0,"comment_status":"closed","ping_status":"closed","sticky":false,"template":"","format":"standard","meta":{"footnotes":""},"categories":[1],"tags":[],"class_list":["post-20728","post","type-post","status-publish","format-standard","hentry","category-uncategorized"],"_links":{"self":[{"href":"https:\/\/fotografiaportugal.pt\/site\/wp-json\/wp\/v2\/posts\/20728","targetHints":{"allow":["GET"]}}],"collection":[{"href":"https:\/\/fotografiaportugal.pt\/site\/wp-json\/wp\/v2\/posts"}],"about":[{"href":"https:\/\/fotografiaportugal.pt\/site\/wp-json\/wp\/v2\/types\/post"}],"author":[{"embeddable":true,"href":"https:\/\/fotografiaportugal.pt\/site\/wp-json\/wp\/v2\/users\/2629"}],"replies":[{"embeddable":true,"href":"https:\/\/fotografiaportugal.pt\/site\/wp-json\/wp\/v2\/comments?post=20728"}],"version-history":[{"count":2,"href":"https:\/\/fotografiaportugal.pt\/site\/wp-json\/wp\/v2\/posts\/20728\/revisions"}],"predecessor-version":[{"id":20735,"href":"https:\/\/fotografiaportugal.pt\/site\/wp-json\/wp\/v2\/posts\/20728\/revisions\/20735"}],"wp:attachment":[{"href":"https:\/\/fotografiaportugal.pt\/site\/wp-json\/wp\/v2\/media?parent=20728"}],"wp:term":[{"taxonomy":"category","embeddable":true,"href":"https:\/\/fotografiaportugal.pt\/site\/wp-json\/wp\/v2\/categories?post=20728"},{"taxonomy":"post_tag","embeddable":true,"href":"https:\/\/fotografiaportugal.pt\/site\/wp-json\/wp\/v2\/tags?post=20728"}],"curies":[{"name":"wp","href":"https:\/\/api.w.org\/{rel}","templated":true}]}}