{"id":27603,"date":"2024-08-19T09:40:30","date_gmt":"2024-08-19T09:40:30","guid":{"rendered":"https:\/\/fotografiaportugal.pt\/site\/?p=27603"},"modified":"2024-08-19T09:40:42","modified_gmt":"2024-08-19T09:40:42","slug":"dia-mundial-da-fotografia-3","status":"publish","type":"post","link":"https:\/\/fotografiaportugal.pt\/site\/dia-mundial-da-fotografia-3\/","title":{"rendered":"Dia Mundial da Fotografia"},"content":{"rendered":"\n<p>Hoje, dia 19 de agosto, comemora-se o <strong>Dia Mundial da Fotografia<\/strong>.<\/p>\n\n\n\n<p>A celebra\u00e7\u00e3o do <strong>Dia Mundial da Fotografia<\/strong> tem origem na inven\u00e7\u00e3o do daguerre\u00f3tipo, um processo fotogr\u00e1fico desenvolvido por Louis Daguerre (1787-1851), em 1837.<\/p>\n\n\n\n<p>Mais tarde, em janeiro de 1839, a Academia Francesa de Ci\u00eancias anunciou a inven\u00e7\u00e3o do daguerre\u00f3tipo. A <strong>19 de agosto<\/strong> do mesmo ano, o governo franc\u00eas considerou a inven\u00e7\u00e3o de Daguerre como um presente &#8220;gr\u00e1tis para o mundo&#8221;.<\/p>\n\n\n\n<p>Outro processo fotogr\u00e1fico &#8211; o cal\u00f3tipo, inventado tamb\u00e9m em 1839 por William Fox Talbot (1800-1877), fez com que o ano de 1839 fosse considerado o ano da inven\u00e7\u00e3o da fotografia.<\/p>\n\n\n\n<p>Desde ent\u00e3o a fotografia evoluiu imenso, permitindo-nos eternizar com grande qualidade de imagem os melhores momentos da vida, os locais mais emblem\u00e1ticos e o melhor do patrim\u00f3nio.<\/p>\n\n\n\n<p>Vem conhecer a <strong><a href=\"https:\/\/fotografiaportugal.pt\/site\/shop\/livros\/sesimbra-cascais-setubal-lisboa-em-saco-de-pano\/\">Cole\u00e7\u00e3o Portugal<\/a> <\/strong>\u2013 a Cole\u00e7\u00e3o de Literatura de Viagens mais importante de sempre no meio liter\u00e1rio nacional \u2013 com livros <strong>bilingue<\/strong> (em portugu\u00eas e ingl\u00eas), com encaderna\u00e7\u00e3o em <strong>capa dura<\/strong>, j\u00e1 considerada um dos acontecimentos liter\u00e1rios de 2024, \u00e9 <strong>um projeto sem igual na Literatura de Viagens \u2013 uma inspirada e apaixonante viagem pelo pa\u00eds, em texto e imagem<\/strong>.<\/p>\n\n\n\n<p>Textos originais de ficcionistas consagrados \u2013 os autores de maior destaque da literatura portuguesa contempor\u00e2nea.<\/p>\n\n\n\n<p>Pela primeira vez no mercado liter\u00e1rio nacional, uma cole\u00e7\u00e3o de livros dedicados a cada um dos principais munic\u00edpios do continente e \u00e0s nossas principais ilhas, com a autoria dos nossos melhores escritores.<\/p>\n\n\n\n<p><strong>Turismo Liter\u00e1rio com forte incentivo \u00e0 visita\u00e7\u00e3o Tur\u00edstica e de Patrim\u00f3nio<\/strong><\/p>\n\n\n\n<p>Portugal inteiro dentro de um livro. Os escritores portugueses mais acarinhados e um fot\u00f3grafo de patrim\u00f3nio. O mesmo horizonte para a fic\u00e7\u00e3o e a realidade, em que criatividade liter\u00e1ria e riqueza fotogr\u00e1fica mergulham na nossa geografia. Um percurso concelho a concelho, ilha a ilha, escritor a escritor.<\/p>\n\n\n\n<p><em>The whole of Portugal in one book. The most cherished Portuguese writers and a photographer specialising in heritage. The same horizon for fiction and reality, in which literary creativity and photographic richness immerse themselves in our geography. This is a journey that covers county after county, island after island, writer after writer.<\/em><\/p>\n\n\n\n<figure class=\"wp-block-image size-large\"><a href=\"https:\/\/fotografiaportugal.pt\/site\/shop\/livros\/sesimbra-cascais-setubal-lisboa-em-saco-de-pano\/\"><img loading=\"lazy\" decoding=\"async\" width=\"399\" height=\"600\" src=\"https:\/\/fotografiaportugal.pt\/site\/wp-content\/uploads\/2024\/06\/Q1008147-600-399x600.jpg\" alt=\"\" class=\"wp-image-27175\" srcset=\"https:\/\/fotografiaportugal.pt\/site\/wp-content\/uploads\/2024\/06\/Q1008147-600.jpg 399w, https:\/\/fotografiaportugal.pt\/site\/wp-content\/uploads\/2024\/06\/Q1008147-600-200x300.jpg 200w\" sizes=\"auto, (max-width: 399px) 100vw, 399px\" \/><\/a><\/figure>\n","protected":false},"excerpt":{"rendered":"<p>Hoje, dia 19 de agosto, comemora-se o Dia Mundial da Fotografia. A celebra\u00e7\u00e3o do Dia Mundial da Fotografia tem origem na inven\u00e7\u00e3o do daguerre\u00f3tipo, um processo fotogr\u00e1fico desenvolvido por Louis Daguerre (1787-1851), em 1837. Mais tarde, em janeiro de 1839, a Academia Francesa de Ci\u00eancias anunciou a inven\u00e7\u00e3o do daguerre\u00f3tipo. A 19 de agosto do [&hellip;]<\/p>\n","protected":false},"author":2629,"featured_media":0,"comment_status":"closed","ping_status":"closed","sticky":false,"template":"","format":"standard","meta":{"footnotes":""},"categories":[1],"tags":[],"class_list":["post-27603","post","type-post","status-publish","format-standard","hentry","category-uncategorized"],"_links":{"self":[{"href":"https:\/\/fotografiaportugal.pt\/site\/wp-json\/wp\/v2\/posts\/27603","targetHints":{"allow":["GET"]}}],"collection":[{"href":"https:\/\/fotografiaportugal.pt\/site\/wp-json\/wp\/v2\/posts"}],"about":[{"href":"https:\/\/fotografiaportugal.pt\/site\/wp-json\/wp\/v2\/types\/post"}],"author":[{"embeddable":true,"href":"https:\/\/fotografiaportugal.pt\/site\/wp-json\/wp\/v2\/users\/2629"}],"replies":[{"embeddable":true,"href":"https:\/\/fotografiaportugal.pt\/site\/wp-json\/wp\/v2\/comments?post=27603"}],"version-history":[{"count":1,"href":"https:\/\/fotografiaportugal.pt\/site\/wp-json\/wp\/v2\/posts\/27603\/revisions"}],"predecessor-version":[{"id":27604,"href":"https:\/\/fotografiaportugal.pt\/site\/wp-json\/wp\/v2\/posts\/27603\/revisions\/27604"}],"wp:attachment":[{"href":"https:\/\/fotografiaportugal.pt\/site\/wp-json\/wp\/v2\/media?parent=27603"}],"wp:term":[{"taxonomy":"category","embeddable":true,"href":"https:\/\/fotografiaportugal.pt\/site\/wp-json\/wp\/v2\/categories?post=27603"},{"taxonomy":"post_tag","embeddable":true,"href":"https:\/\/fotografiaportugal.pt\/site\/wp-json\/wp\/v2\/tags?post=27603"}],"curies":[{"name":"wp","href":"https:\/\/api.w.org\/{rel}","templated":true}]}}