{"id":2807,"date":"2016-03-31T21:53:21","date_gmt":"2016-03-31T21:53:21","guid":{"rendered":"http:\/\/fotografiaportugal.pt\/site\/?p=2807"},"modified":"2016-05-05T09:20:21","modified_gmt":"2016-05-05T09:20:21","slug":"wide-visions-nova-exposicao-fotografia","status":"publish","type":"post","link":"https:\/\/fotografiaportugal.pt\/site\/wide-visions-nova-exposicao-fotografia\/","title":{"rendered":"Wide Visions (nova exposi\u00e7\u00e3o de fotografia)"},"content":{"rendered":"<p><strong><a href=\"https:\/\/fotografiaportugal.pt\/site\/exposicoes\/widevisions\/\">Wide Visions<\/a><\/strong><\/p>\n<p>de: M\u00e1rio Monteiro<\/p>\n<p>Wide Visions \u00e9 um projeto fotogr\u00e1fico que como o nome indica procura oferecer uma vis\u00e3o alargada de locais, monumentos ou momentos marcantes.<\/p>\n<p>\u00c9 um projeto de fotografia panor\u00e2mica de grande formato, que tem por objetivo imagens que se utilizem, mais do que uma recorda\u00e7\u00e3o de uma viagem ou f\u00e9rias, procura que as pessoas coloquem em casa as fotografias como elemento decorativo.<\/p>\n<p>Wide Visons \u00e9 um projeto din\u00e2mico, em constante evolu\u00e7\u00e3o e que a cada momento pode oferecer novas imagens.<\/p>\n<p>Ver aqui a exposi\u00e7\u00e3o:\u00a0<a href=\"https:\/\/fotografiaportugal.pt\/site\/exposicoes\/widevisions\/\">https:\/\/fotografiaportugal.pt\/site\/exposicoes\/widevisions\/<\/a><\/p>\n","protected":false},"excerpt":{"rendered":"<p>Wide Visions de: M\u00e1rio Monteiro Wide Visions \u00e9 um projeto fotogr\u00e1fico que como o nome indica procura oferecer uma vis\u00e3o alargada de locais, monumentos ou momentos marcantes. \u00c9 um projeto de fotografia panor\u00e2mica de grande formato, que tem por objetivo imagens que se utilizem, mais do que uma recorda\u00e7\u00e3o de uma viagem ou f\u00e9rias, procura [&hellip;]<\/p>\n","protected":false},"author":2629,"featured_media":2743,"comment_status":"closed","ping_status":"closed","sticky":false,"template":"","format":"standard","meta":{"footnotes":""},"categories":[63],"tags":[],"class_list":["post-2807","post","type-post","status-publish","format-standard","has-post-thumbnail","hentry","category-noticia"],"_links":{"self":[{"href":"https:\/\/fotografiaportugal.pt\/site\/wp-json\/wp\/v2\/posts\/2807","targetHints":{"allow":["GET"]}}],"collection":[{"href":"https:\/\/fotografiaportugal.pt\/site\/wp-json\/wp\/v2\/posts"}],"about":[{"href":"https:\/\/fotografiaportugal.pt\/site\/wp-json\/wp\/v2\/types\/post"}],"author":[{"embeddable":true,"href":"https:\/\/fotografiaportugal.pt\/site\/wp-json\/wp\/v2\/users\/2629"}],"replies":[{"embeddable":true,"href":"https:\/\/fotografiaportugal.pt\/site\/wp-json\/wp\/v2\/comments?post=2807"}],"version-history":[{"count":2,"href":"https:\/\/fotografiaportugal.pt\/site\/wp-json\/wp\/v2\/posts\/2807\/revisions"}],"predecessor-version":[{"id":2932,"href":"https:\/\/fotografiaportugal.pt\/site\/wp-json\/wp\/v2\/posts\/2807\/revisions\/2932"}],"wp:featuredmedia":[{"embeddable":true,"href":"https:\/\/fotografiaportugal.pt\/site\/wp-json\/wp\/v2\/media\/2743"}],"wp:attachment":[{"href":"https:\/\/fotografiaportugal.pt\/site\/wp-json\/wp\/v2\/media?parent=2807"}],"wp:term":[{"taxonomy":"category","embeddable":true,"href":"https:\/\/fotografiaportugal.pt\/site\/wp-json\/wp\/v2\/categories?post=2807"},{"taxonomy":"post_tag","embeddable":true,"href":"https:\/\/fotografiaportugal.pt\/site\/wp-json\/wp\/v2\/tags?post=2807"}],"curies":[{"name":"wp","href":"https:\/\/api.w.org\/{rel}","templated":true}]}}