{"id":2815,"date":"2016-04-02T14:24:38","date_gmt":"2016-04-02T14:24:38","guid":{"rendered":"http:\/\/fotografiaportugal.pt\/site\/?p=2815"},"modified":"2016-04-02T14:28:30","modified_gmt":"2016-04-02T14:28:30","slug":"workshop-iniciacao-fotografia-2","status":"publish","type":"post","link":"https:\/\/fotografiaportugal.pt\/site\/workshop-iniciacao-fotografia-2\/","title":{"rendered":"Workshop de Inicia\u00e7\u00e3o \u00e0 Fotografia"},"content":{"rendered":"<p>Nos dias 30 de Abril e 1 de Maio de 2016 realiza-se o <u>Workshop de Inicia\u00e7\u00e3o \u00e0 Fotografia<\/u>. Com in\u00edcio marcado para as 9:00h, est\u00e3o definidos dois pontos de encontro alternativos, onde os membros da organiza\u00e7\u00e3o aguardar\u00e3o os participantes:<\/p>\n<ul>\n<li>Para os participantes vindos de Coimbra, o local de encontro ser\u00e1 a localidade de Gra\u00e7a, junto \u00e0 igreja (GPS: Latitude: 39\u00b053&#8217;38.77&#8243;N; Longitude: 8\u00b012&#8217;57.25&#8243;W);<\/li>\n<li>Para os participantes vindos de Lisboa, o local de encontro ser\u00e1 a localidade de Cernache do Bonjardim, tamb\u00e9m junto \u00e0 igreja (GPS: Latitude: 39\u00b048&#8217;57.21&#8243;N; Longitude: 8\u00b011&#8217;15.54&#8243;W).<\/li>\n<\/ul>\n<p>O evento decorrer\u00e1 nos \u201c<u>Moinhos da Bou\u00e7\u00e3<\/u>\u201d, um alojamento em espa\u00e7o rural de excel\u00eancia, em <u>Figueir\u00f3 dos Vinhos<\/u>, e na \u00e1rea natural envolvente.<\/p>\n<p><!--more--><\/p>\n<p>Os contactos a utilizar para inscri\u00e7\u00f5es ou quest\u00f5es sobre o Workshop, s\u00e3o o n.\u00ba de telefone <strong>934877160<\/strong> ou o email: <a href=\"mailto:zezeretrek@zezeretrek.com\">zezeretrek@zezeretrek.com<\/a><\/p>\n<p>O Workshop de Inicia\u00e7\u00e3o \u00e0 Fotografia que propomos, numa parceria com a Eventur, decorrer\u00e1 no fant\u00e1stico cen\u00e1rio natural da <strong>Bou\u00e7\u00e3<\/strong>. Com um cariz muito pr\u00e1tico e orientado para as t\u00e9cnicas fotogr\u00e1ficas, possibilitar\u00e1 ao mesmo tempo aos participantes a oportunidade de visitarem os belos locais da regi\u00e3o, aproveitando para colocar em pr\u00e1tica os conhecimentos adquiridos. De certeza que n\u00e3o faltar\u00e3o motivos de inspira\u00e7\u00e3o para dar azo \u00e0 criatividade e aos conhecimentos.<\/p>\n<p>O alojamento, bem como uma pequena componente te\u00f3rica do workshop ser\u00e1 ministrada nos \u201cMoinhos da Bou\u00e7\u00e3\u201d, um conceito pessoal e intimista do grupo Eventur.<\/p>\n<p>A actividade contar\u00e1 tamb\u00e9m com um programa de entretenimento na noite de s\u00e1bado, em que faremos um original workshop de gins, oferecido e conduzido pelo Parceiro da Eventur, bem como a degusta\u00e7\u00e3o de alguns dos melhores produtos da regi\u00e3o.<\/p>\n<p>O workshop tem um custo de 85 euros por pessoa, que inclui alojamento, refei\u00e7\u00f5es, seguros e materiais de apoio.<\/p>\n<p>Aconselha-se aos participantes o uso de roupa e cal\u00e7ado confort\u00e1vel para as sa\u00eddas de campo.<\/p>\n","protected":false},"excerpt":{"rendered":"<p>Nos dias 30 de Abril e 1 de Maio de 2016 realiza-se o Workshop de Inicia\u00e7\u00e3o \u00e0 Fotografia. Com in\u00edcio marcado para as 9:00h, est\u00e3o definidos dois pontos de encontro alternativos, onde os membros da organiza\u00e7\u00e3o aguardar\u00e3o os participantes: Para os participantes vindos de Coimbra, o local de encontro ser\u00e1 a localidade de Gra\u00e7a, junto [&hellip;]<\/p>\n","protected":false},"author":2629,"featured_media":2816,"comment_status":"closed","ping_status":"closed","sticky":false,"template":"","format":"standard","meta":{"footnotes":""},"categories":[62,63],"tags":[],"class_list":["post-2815","post","type-post","status-publish","format-standard","has-post-thumbnail","hentry","category-desafio","category-noticia"],"_links":{"self":[{"href":"https:\/\/fotografiaportugal.pt\/site\/wp-json\/wp\/v2\/posts\/2815","targetHints":{"allow":["GET"]}}],"collection":[{"href":"https:\/\/fotografiaportugal.pt\/site\/wp-json\/wp\/v2\/posts"}],"about":[{"href":"https:\/\/fotografiaportugal.pt\/site\/wp-json\/wp\/v2\/types\/post"}],"author":[{"embeddable":true,"href":"https:\/\/fotografiaportugal.pt\/site\/wp-json\/wp\/v2\/users\/2629"}],"replies":[{"embeddable":true,"href":"https:\/\/fotografiaportugal.pt\/site\/wp-json\/wp\/v2\/comments?post=2815"}],"version-history":[{"count":2,"href":"https:\/\/fotografiaportugal.pt\/site\/wp-json\/wp\/v2\/posts\/2815\/revisions"}],"predecessor-version":[{"id":2818,"href":"https:\/\/fotografiaportugal.pt\/site\/wp-json\/wp\/v2\/posts\/2815\/revisions\/2818"}],"wp:featuredmedia":[{"embeddable":true,"href":"https:\/\/fotografiaportugal.pt\/site\/wp-json\/wp\/v2\/media\/2816"}],"wp:attachment":[{"href":"https:\/\/fotografiaportugal.pt\/site\/wp-json\/wp\/v2\/media?parent=2815"}],"wp:term":[{"taxonomy":"category","embeddable":true,"href":"https:\/\/fotografiaportugal.pt\/site\/wp-json\/wp\/v2\/categories?post=2815"},{"taxonomy":"post_tag","embeddable":true,"href":"https:\/\/fotografiaportugal.pt\/site\/wp-json\/wp\/v2\/tags?post=2815"}],"curies":[{"name":"wp","href":"https:\/\/api.w.org\/{rel}","templated":true}]}}