{"id":2825,"date":"2016-04-04T21:32:23","date_gmt":"2016-04-04T21:32:23","guid":{"rendered":"http:\/\/fotografiaportugal.pt\/site\/?p=2825"},"modified":"2016-06-28T09:36:28","modified_gmt":"2016-06-28T09:36:28","slug":"foco-i-modos-focagem-nova-dica-fotografia","status":"publish","type":"post","link":"https:\/\/fotografiaportugal.pt\/site\/foco-i-modos-focagem-nova-dica-fotografia\/","title":{"rendered":"FOCO (I) &#8211; Modos de Focagem (Nova Dica de Fotografia)"},"content":{"rendered":"<p>Est\u00e1 j\u00e1 dispon\u00edvel mais uma nova dica, no menu <strong><a href=\"https:\/\/fotografiaportugal.pt\/site\/dicas\/dicas-de-fotografia\/\">DICAS DE FOTOGRAFIA<\/a><\/strong>.<\/p>\n<p>Esta\u00a0 dica\u00a0 \u00e9\u00a0 a\u00a0 primeira\u00a0 de\u00a0 quatro\u00a0 dicas\u00a0 sobre\u00a0 este\u00a0 tema\u00a0 (O FOCO),\u00a0 que pretendem\u00a0 dar-te as\u00a0 ferramentas\u00a0 que necessitas\u00a0 para controlar melhor o foco\u00a0 e conseguir fotografias\u00a0 de melhor\u00a0 qualidade.\u00a0O foco \u00e9 dos elementos mais importantes numa fotografia e, infelizmente, \u00e9 muitas vezes deixado para\u00a0 \u201csegundo plano\u201d . Muitas\u00a0 vezes\u00a0 perdemos\u00a0 uma boa fotografia por falhas na hora de focar. Excepto em casos muito espec\u00edficos,\u00a0 todas as\u00a0 fotos\u00a0 devem\u00a0 ter um\u00a0 ponto focal,\u00a0 ponto no enquadramento onde a nitidez \u00e9 maior.\u00a0Nesta dica, a autora mostrar-te os modos de focagem dispon\u00edveis na maior parte das c\u00e2maras digitais e como e quando deves utilizar cada um.<\/p>\n<p><a href=\"https:\/\/fotografiaportugal.pt\/site\/shop\/pdf\/foco-i-modos-focagem\/\"><img loading=\"lazy\" decoding=\"async\" class=\"alignnone size-medium wp-image-2821\" src=\"https:\/\/fotografiaportugal.pt\/site\/wp-content\/uploads\/2016\/04\/009-Foco-Modos-de-Focagem2_1-212x300.png\" alt=\"009 - Foco-Modos de Focagem2_1\" width=\"212\" height=\"300\" srcset=\"https:\/\/fotografiaportugal.pt\/site\/wp-content\/uploads\/2016\/04\/009-Foco-Modos-de-Focagem2_1-212x300.png 212w, https:\/\/fotografiaportugal.pt\/site\/wp-content\/uploads\/2016\/04\/009-Foco-Modos-de-Focagem2_1-724x1024.png 724w, https:\/\/fotografiaportugal.pt\/site\/wp-content\/uploads\/2016\/04\/009-Foco-Modos-de-Focagem2_1-71x100.png 71w, https:\/\/fotografiaportugal.pt\/site\/wp-content\/uploads\/2016\/04\/009-Foco-Modos-de-Focagem2_1.png 744w\" sizes=\"auto, (max-width: 212px) 100vw, 212px\" \/><\/a><\/p>\n<p><strong><a href=\"https:\/\/fotografiaportugal.pt\/site\/shop\/pdf\/foco-i-modos-focagem\/\">FOCO (I) &#8211; Modos de Focagem<\/a><\/strong><\/p>\n<p style=\"line-height: 18.0pt;\"><span style=\"font-family: 'Georgia','serif'; color: #333333;\">Por: Ana Mestre Photographia<\/span><\/p>\n<p style=\"line-height: 18.0pt; orphans: auto; text-align: start; widows: 1; -webkit-text-stroke-width: 0px; word-spacing: 0px;\"><span style=\"font-family: 'Georgia','serif'; color: #333333;\">(5 p\u00e1ginas, formato PDF)<\/span><\/p>\n","protected":false},"excerpt":{"rendered":"<p>Est\u00e1 j\u00e1 dispon\u00edvel mais uma nova dica, no menu DICAS DE FOTOGRAFIA. Esta\u00a0 dica\u00a0 \u00e9\u00a0 a\u00a0 primeira\u00a0 de\u00a0 quatro\u00a0 dicas\u00a0 sobre\u00a0 este\u00a0 tema\u00a0 (O FOCO),\u00a0 que pretendem\u00a0 dar-te as\u00a0 ferramentas\u00a0 que necessitas\u00a0 para controlar melhor o foco\u00a0 e conseguir fotografias\u00a0 de melhor\u00a0 qualidade.\u00a0O foco \u00e9 dos elementos mais importantes numa fotografia e, infelizmente, \u00e9 muitas [&hellip;]<\/p>\n","protected":false},"author":2629,"featured_media":0,"comment_status":"closed","ping_status":"closed","sticky":false,"template":"","format":"standard","meta":{"footnotes":""},"categories":[148,63],"tags":[],"class_list":["post-2825","post","type-post","status-publish","format-standard","hentry","category-gratuito","category-noticia"],"_links":{"self":[{"href":"https:\/\/fotografiaportugal.pt\/site\/wp-json\/wp\/v2\/posts\/2825","targetHints":{"allow":["GET"]}}],"collection":[{"href":"https:\/\/fotografiaportugal.pt\/site\/wp-json\/wp\/v2\/posts"}],"about":[{"href":"https:\/\/fotografiaportugal.pt\/site\/wp-json\/wp\/v2\/types\/post"}],"author":[{"embeddable":true,"href":"https:\/\/fotografiaportugal.pt\/site\/wp-json\/wp\/v2\/users\/2629"}],"replies":[{"embeddable":true,"href":"https:\/\/fotografiaportugal.pt\/site\/wp-json\/wp\/v2\/comments?post=2825"}],"version-history":[{"count":2,"href":"https:\/\/fotografiaportugal.pt\/site\/wp-json\/wp\/v2\/posts\/2825\/revisions"}],"predecessor-version":[{"id":3097,"href":"https:\/\/fotografiaportugal.pt\/site\/wp-json\/wp\/v2\/posts\/2825\/revisions\/3097"}],"wp:attachment":[{"href":"https:\/\/fotografiaportugal.pt\/site\/wp-json\/wp\/v2\/media?parent=2825"}],"wp:term":[{"taxonomy":"category","embeddable":true,"href":"https:\/\/fotografiaportugal.pt\/site\/wp-json\/wp\/v2\/categories?post=2825"},{"taxonomy":"post_tag","embeddable":true,"href":"https:\/\/fotografiaportugal.pt\/site\/wp-json\/wp\/v2\/tags?post=2825"}],"curies":[{"name":"wp","href":"https:\/\/api.w.org\/{rel}","templated":true}]}}