{"id":28379,"date":"2024-11-04T21:01:45","date_gmt":"2024-11-04T21:01:45","guid":{"rendered":"https:\/\/fotografiaportugal.pt\/site\/?p=28379"},"modified":"2024-11-04T21:01:53","modified_gmt":"2024-11-04T21:01:53","slug":"pack-com-8-primeiros-livros-da-colecao-portugal","status":"publish","type":"post","link":"https:\/\/fotografiaportugal.pt\/site\/pack-com-8-primeiros-livros-da-colecao-portugal\/","title":{"rendered":"Pack com 8 primeiros livros da Cole\u00e7\u00e3o Portugal"},"content":{"rendered":"\n<figure class=\"wp-block-image size-large\"><a href=\"https:\/\/fotografiaportugal.pt\/site\/shop\/livros\/colecao-portugal-vol-s-1-a-8-sesimbra-cascais-setubal-lisboa-sintra-terceira-sao-miguel-porto\/\"><img loading=\"lazy\" decoding=\"async\" width=\"1024\" height=\"1024\" src=\"https:\/\/fotografiaportugal.pt\/site\/wp-content\/uploads\/2024\/11\/Colecao-Portugal-1a-serie-comcaixa-2500px-1024x1024.jpg\" alt=\"\" class=\"wp-image-28374\" srcset=\"https:\/\/fotografiaportugal.pt\/site\/wp-content\/uploads\/2024\/11\/Colecao-Portugal-1a-serie-comcaixa-2500px-1024x1024.jpg 1024w, https:\/\/fotografiaportugal.pt\/site\/wp-content\/uploads\/2024\/11\/Colecao-Portugal-1a-serie-comcaixa-2500px-150x150.jpg 150w, https:\/\/fotografiaportugal.pt\/site\/wp-content\/uploads\/2024\/11\/Colecao-Portugal-1a-serie-comcaixa-2500px-300x300.jpg 300w, https:\/\/fotografiaportugal.pt\/site\/wp-content\/uploads\/2024\/11\/Colecao-Portugal-1a-serie-comcaixa-2500px-416x416.jpg 416w\" sizes=\"auto, (max-width: 1024px) 100vw, 1024px\" \/><\/a><\/figure>\n\n\n\n<p>Acabamos de lan\u00e7ar um novo <strong><a href=\"https:\/\/fotografiaportugal.pt\/site\/shop\/livros\/colecao-portugal-vol-s-1-a-8-sesimbra-cascais-setubal-lisboa-sintra-terceira-sao-miguel-porto\/\">Pack com os primeiros oito livros da Cole\u00e7\u00e3o Portugal<\/a><\/strong>:<\/p>\n\n\n\n<ul class=\"wp-block-list\">\n<li>SESIMBRA<\/li>\n\n\n\n<li>CASCAIS<\/li>\n\n\n\n<li>SET\u00daBAL<\/li>\n\n\n\n<li>LISBOA<\/li>\n\n\n\n<li>SINTRA<\/li>\n\n\n\n<li>TERCEIRA<\/li>\n\n\n\n<li>S\u00c3O MIGUEL<\/li>\n\n\n\n<li>PORTO<\/li>\n<\/ul>\n\n\n\n<p>e ainda com a oferta de um saco de pano impresso e um pre\u00e7o muito especial face ao PVP de cada livro adquirido individualmente.<\/p>\n\n\n\n<p><a href=\"https:\/\/fotografiaportugal.pt\/site\/shop\/livros\/colecao-portugal-vol-s-1-a-8-sesimbra-cascais-setubal-lisboa-sintra-terceira-sao-miguel-porto\/\">Encomenda j\u00e1!<\/a><\/p>\n","protected":false},"excerpt":{"rendered":"<p>Acabamos de lan\u00e7ar um novo Pack com os primeiros oito livros da Cole\u00e7\u00e3o Portugal: e ainda com a oferta de um saco de pano impresso e um pre\u00e7o muito especial face ao PVP de cada livro adquirido individualmente. Encomenda j\u00e1!<\/p>\n","protected":false},"author":2629,"featured_media":0,"comment_status":"closed","ping_status":"closed","sticky":false,"template":"","format":"standard","meta":{"footnotes":""},"categories":[1],"tags":[],"class_list":["post-28379","post","type-post","status-publish","format-standard","hentry","category-uncategorized"],"_links":{"self":[{"href":"https:\/\/fotografiaportugal.pt\/site\/wp-json\/wp\/v2\/posts\/28379","targetHints":{"allow":["GET"]}}],"collection":[{"href":"https:\/\/fotografiaportugal.pt\/site\/wp-json\/wp\/v2\/posts"}],"about":[{"href":"https:\/\/fotografiaportugal.pt\/site\/wp-json\/wp\/v2\/types\/post"}],"author":[{"embeddable":true,"href":"https:\/\/fotografiaportugal.pt\/site\/wp-json\/wp\/v2\/users\/2629"}],"replies":[{"embeddable":true,"href":"https:\/\/fotografiaportugal.pt\/site\/wp-json\/wp\/v2\/comments?post=28379"}],"version-history":[{"count":1,"href":"https:\/\/fotografiaportugal.pt\/site\/wp-json\/wp\/v2\/posts\/28379\/revisions"}],"predecessor-version":[{"id":28380,"href":"https:\/\/fotografiaportugal.pt\/site\/wp-json\/wp\/v2\/posts\/28379\/revisions\/28380"}],"wp:attachment":[{"href":"https:\/\/fotografiaportugal.pt\/site\/wp-json\/wp\/v2\/media?parent=28379"}],"wp:term":[{"taxonomy":"category","embeddable":true,"href":"https:\/\/fotografiaportugal.pt\/site\/wp-json\/wp\/v2\/categories?post=28379"},{"taxonomy":"post_tag","embeddable":true,"href":"https:\/\/fotografiaportugal.pt\/site\/wp-json\/wp\/v2\/tags?post=28379"}],"curies":[{"name":"wp","href":"https:\/\/api.w.org\/{rel}","templated":true}]}}