{"id":28387,"date":"2024-12-12T12:29:55","date_gmt":"2024-12-12T12:29:55","guid":{"rendered":"https:\/\/fotografiaportugal.pt\/site\/?p=28387"},"modified":"2024-12-12T12:29:59","modified_gmt":"2024-12-12T12:29:59","slug":"saldos-de-livros-de-fotografia-em-stock","status":"publish","type":"post","link":"https:\/\/fotografiaportugal.pt\/site\/saldos-de-livros-de-fotografia-em-stock\/","title":{"rendered":"Saldos de livros de Fotografia em stock"},"content":{"rendered":"\n<figure class=\"wp-block-image size-large\"><a href=\"https:\/\/fotografiaportugal.pt\/site\/categoria-produto\/livros\/manuseados\/\"><img loading=\"lazy\" decoding=\"async\" width=\"1024\" height=\"389\" src=\"https:\/\/fotografiaportugal.pt\/site\/wp-content\/uploads\/2024\/12\/Campanha-Natal-20241-1024x389.jpg\" alt=\"\" class=\"wp-image-28388\" srcset=\"https:\/\/fotografiaportugal.pt\/site\/wp-content\/uploads\/2024\/12\/Campanha-Natal-20241-1024x389.jpg 1024w, https:\/\/fotografiaportugal.pt\/site\/wp-content\/uploads\/2024\/12\/Campanha-Natal-20241-300x114.jpg 300w, https:\/\/fotografiaportugal.pt\/site\/wp-content\/uploads\/2024\/12\/Campanha-Natal-20241-1536x584.jpg 1536w, https:\/\/fotografiaportugal.pt\/site\/wp-content\/uploads\/2024\/12\/Campanha-Natal-20241-2048x779.jpg 2048w, https:\/\/fotografiaportugal.pt\/site\/wp-content\/uploads\/2024\/12\/Campanha-Natal-20241-416x158.jpg 416w\" sizes=\"auto, (max-width: 1024px) 100vw, 1024px\" \/><\/a><\/figure>\n\n\n\n<p>A loja FOTOGRAFIA Portugal \u00ae est\u00e1 a saldar todos os exemplares dos tr\u00eas Best-Sellers da autoria de Joel Santos que ainda tem em stock:<\/p>\n\n\n\n<ul class=\"wp-block-list\">\n<li><a href=\"https:\/\/fotografiaportugal.pt\/site\/shop\/livros\/78\/\"><strong>FOTOgrafia \u2013\u00a0Luz, Exposi\u00e7\u00e3o, Composi\u00e7\u00e3o, Equipamento e Dicas para Fotografar em Portugal<\/strong><\/a><\/li>\n\n\n\n<li><a href=\"https:\/\/fotografiaportugal.pt\/site\/shop\/livros\/fotoedicao-o-guia-essencial-de-pos-producao-com-photoshop-lightroom-e-adobe-camera-raw\/\"><strong>FOTOedi\u00e7\u00e3o \u2013 O Guia Essencial de p\u00f3s-Produ\u00e7\u00e3o com Photoshop Lightroom e Adobe Camera Raw<\/strong><\/a><\/li>\n\n\n\n<li><a href=\"https:\/\/fotografiaportugal.pt\/site\/shop\/guia\/foto-pad-4-a-edicao\/\"><strong>FOTOpad<\/strong><\/a>\u00a0(4.\u00aa edi\u00e7\u00e3o, Revista e Aumentada),\u00a0<em>em formato Moleskine \u2013 com o cl\u00e1ssico el\u00e1stico<\/em><\/li>\n<\/ul>\n\n\n\n<p>Tratam-se de <strong><a href=\"https:\/\/fotografiaportugal.pt\/site\/categoria-produto\/livros\/manuseados\/\"><strong>livros manuseados<\/strong><\/a><\/strong>&nbsp;(livros em estado novo, que j\u00e1 foram colocados \u00e0 venda em lojas comerciais e que podem ter etiquetas com pre\u00e7os ou promo\u00e7\u00f5es das lojas e, por vezes, alguma sujidade ou imperfei\u00e7\u00e3o do manuseamento em loja), com um <strong>Pre\u00e7o Especial<\/strong>&nbsp;v\u00e1lido para encomendas at\u00e9 ao dia <strong>31\/12\/2024<\/strong> (salvo rutura de stock) e com portes gratuitos no envio para qualquer morada em Portugal.<\/p>\n\n\n\n<p>Carregue nas seguintes imagens ou no nome de cada um dos livros para os conhecer melhor:<\/p>\n\n\n\n<figure class=\"wp-block-image\"><a href=\"https:\/\/fotografiaportugal.pt\/site\/shop\/livros\/78\/\"><img loading=\"lazy\" decoding=\"async\" width=\"180\" height=\"180\" src=\"https:\/\/fotografiaportugal.pt\/site\/wp-content\/uploads\/2015\/03\/capa-livro190.gif\" alt=\"capa-livro190\" class=\"wp-image-79\"\/><\/a><\/figure>\n\n\n\n<p><a href=\"https:\/\/fotografiaportugal.pt\/site\/shop\/livros\/78\/\"><strong>FOTOgrafia \u2013&nbsp;Luz, Exposi\u00e7\u00e3o, Composi\u00e7\u00e3o, Equipamento e Dicas para Fotografar em Portugal<\/strong><\/a><\/p>\n\n\n\n<p>Obra de refer\u00eancia sobre os principais temas da fotografia digital, transmitindo conhecimento te\u00f3rico e pr\u00e1tico de forma estimulante, com o objectivo claro de fazer do leitor um melhor fot\u00f3grafo.<\/p>\n\n\n\n<p>PVP: 24,69 \u20ac \u00e0 venda manuseado pelo pre\u00e7o de <strong>10,00 \u20ac<\/strong>.<\/p>\n\n\n\n<figure class=\"wp-block-image\"><a href=\"https:\/\/fotografiaportugal.pt\/site\/shop\/livros\/fotoedicao-o-guia-essencial-de-pos-producao-com-photoshop-lightroom-e-adobe-camera-raw\/\"><img loading=\"lazy\" decoding=\"async\" width=\"300\" height=\"297\" src=\"https:\/\/fotografiaportugal.pt\/site\/wp-content\/uploads\/2015\/04\/capa-livro-ca-fotoedicao_2ed_300dpis-300x297.jpg\" alt=\"K_FotoEdicao_2ed_v2.indd\" class=\"wp-image-196\" srcset=\"https:\/\/fotografiaportugal.pt\/site\/wp-content\/uploads\/2015\/04\/capa-livro-ca-fotoedicao_2ed_300dpis-300x297.jpg 300w, https:\/\/fotografiaportugal.pt\/site\/wp-content\/uploads\/2015\/04\/capa-livro-ca-fotoedicao_2ed_300dpis-150x150.jpg 150w, https:\/\/fotografiaportugal.pt\/site\/wp-content\/uploads\/2015\/04\/capa-livro-ca-fotoedicao_2ed_300dpis-1024x1015.jpg 1024w, https:\/\/fotografiaportugal.pt\/site\/wp-content\/uploads\/2015\/04\/capa-livro-ca-fotoedicao_2ed_300dpis-188x186.jpg 188w, https:\/\/fotografiaportugal.pt\/site\/wp-content\/uploads\/2015\/04\/capa-livro-ca-fotoedicao_2ed_300dpis-100x100.jpg 100w\" sizes=\"auto, (max-width: 300px) 100vw, 300px\" \/><\/a><\/figure>\n\n\n\n<p><a href=\"https:\/\/fotografiaportugal.pt\/site\/shop\/livros\/fotoedicao-o-guia-essencial-de-pos-producao-com-photoshop-lightroom-e-adobe-camera-raw\/\"><strong>FOTOedi\u00e7\u00e3o \u2013 O Guia Essencial de p\u00f3s-Produ\u00e7\u00e3o com Photoshop Lightroom e Adobe Camera Raw<\/strong><\/a><\/p>\n\n\n\n<p>Este guia essencial oferece-lhe centenas de t\u00e9cnicas, dicas, exemplos e casos pr\u00e1ticos estimulantes para edi\u00e7\u00e3o digital de imagem com o Photoshop Lightroom e o Adobe Camera Raw, porque uma fotografia jamais estar\u00e1 terminada quando o bot\u00e3o do obturador \u00e9 premido. \u00c9 precisamente a partir desse momento que surge uma nova e empolgante fase do processo criativo, aquela em que se \u2018revelar\u00e3o\u2019 todas as potencialidades de uma imagem, concretizando um mundo de oportunidades que se encontra ao alcance do leitor \u00e0 medida que for virando cada p\u00e1gina deste livro. E, neste processo, existe apenas um verdadeiro risco: ficar ainda mais apaixonado por fotografia.<\/p>\n\n\n\n<p>PVP: 27,18 \u20ac \u00e0 venda manuseado pelo pre\u00e7o de <strong>15,00 \u20ac<\/strong>.<\/p>\n\n\n\n<figure class=\"wp-block-image\"><a href=\"https:\/\/fotografiaportugal.pt\/site\/shop\/guia\/foto-pad-4-a-edicao\/\"><img loading=\"lazy\" decoding=\"async\" width=\"300\" height=\"176\" src=\"https:\/\/fotografiaportugal.pt\/site\/wp-content\/uploads\/2015\/05\/FOTOpad_destaque-300x176.jpg\" alt=\"FOTOpad_destaque\" class=\"wp-image-651\" srcset=\"https:\/\/fotografiaportugal.pt\/site\/wp-content\/uploads\/2015\/05\/FOTOpad_destaque-300x176.jpg 300w, https:\/\/fotografiaportugal.pt\/site\/wp-content\/uploads\/2015\/05\/FOTOpad_destaque-1024x601.jpg 1024w\" sizes=\"auto, (max-width: 300px) 100vw, 300px\" \/><\/a><\/figure>\n\n\n\n<p><a href=\"https:\/\/fotografiaportugal.pt\/site\/shop\/guia\/foto-pad-4-a-edicao\/\"><strong>FOTOpad<\/strong><\/a>&nbsp;(4.\u00aa edi\u00e7\u00e3o, Revista e Aumentada),&nbsp;<em>em formato Moleskine \u2013 com o cl\u00e1ssico el\u00e1stico<\/em><\/p>\n\n\n\n<p>Com a assinatura do fot\u00f3grafo profissional Joel Santos, o FOTO<em>pad<\/em>&nbsp;\u00e9 o caderno e o guia de terreno definitivo para quem \u00e9 apaixonado por fotografia. Em formato Moleskine, com o cl\u00e1ssico el\u00e1stico, o FOTO<em>pad&nbsp;<\/em>explora um conceito inovador e diferenciado, aliando a riqueza do seu conte\u00fado escrito \u00e0 eleg\u00e2ncia distinta das suas ilustra\u00e7\u00f5es e design.<\/p>\n\n\n\n<p>PVP: 16,00 \u20ac \u00e0 venda manuseado pelo pre\u00e7o de <strong>9,00 \u20ac<\/strong>.<\/p>\n\n\n\n<p>Aproveite para conhecer as nossas <strong><a href=\"https:\/\/fotografiaportugal.pt\/site\/categoria-produto\/natal\/\">sugest\u00f5es para ofertas de Natal<\/a><\/strong> <a href=\"https:\/\/fotografiaportugal.pt\/site\/categoria-produto\/natal\/\">aqui<\/a>.<\/p>\n","protected":false},"excerpt":{"rendered":"<p>A loja FOTOGRAFIA Portugal \u00ae est\u00e1 a saldar todos os exemplares dos tr\u00eas Best-Sellers da autoria de Joel Santos que ainda tem em stock: Tratam-se de livros manuseados&nbsp;(livros em estado novo, que j\u00e1 foram colocados \u00e0 venda em lojas comerciais e que podem ter etiquetas com pre\u00e7os ou promo\u00e7\u00f5es das lojas e, por vezes, alguma [&hellip;]<\/p>\n","protected":false},"author":2629,"featured_media":0,"comment_status":"closed","ping_status":"closed","sticky":false,"template":"","format":"standard","meta":{"footnotes":""},"categories":[1],"tags":[],"class_list":["post-28387","post","type-post","status-publish","format-standard","hentry","category-uncategorized"],"_links":{"self":[{"href":"https:\/\/fotografiaportugal.pt\/site\/wp-json\/wp\/v2\/posts\/28387","targetHints":{"allow":["GET"]}}],"collection":[{"href":"https:\/\/fotografiaportugal.pt\/site\/wp-json\/wp\/v2\/posts"}],"about":[{"href":"https:\/\/fotografiaportugal.pt\/site\/wp-json\/wp\/v2\/types\/post"}],"author":[{"embeddable":true,"href":"https:\/\/fotografiaportugal.pt\/site\/wp-json\/wp\/v2\/users\/2629"}],"replies":[{"embeddable":true,"href":"https:\/\/fotografiaportugal.pt\/site\/wp-json\/wp\/v2\/comments?post=28387"}],"version-history":[{"count":1,"href":"https:\/\/fotografiaportugal.pt\/site\/wp-json\/wp\/v2\/posts\/28387\/revisions"}],"predecessor-version":[{"id":28390,"href":"https:\/\/fotografiaportugal.pt\/site\/wp-json\/wp\/v2\/posts\/28387\/revisions\/28390"}],"wp:attachment":[{"href":"https:\/\/fotografiaportugal.pt\/site\/wp-json\/wp\/v2\/media?parent=28387"}],"wp:term":[{"taxonomy":"category","embeddable":true,"href":"https:\/\/fotografiaportugal.pt\/site\/wp-json\/wp\/v2\/categories?post=28387"},{"taxonomy":"post_tag","embeddable":true,"href":"https:\/\/fotografiaportugal.pt\/site\/wp-json\/wp\/v2\/tags?post=28387"}],"curies":[{"name":"wp","href":"https:\/\/api.w.org\/{rel}","templated":true}]}}