{"id":28437,"date":"2024-12-19T11:01:14","date_gmt":"2024-12-19T11:01:14","guid":{"rendered":"https:\/\/fotografiaportugal.pt\/site\/?p=28437"},"modified":"2024-12-19T11:01:22","modified_gmt":"2024-12-19T11:01:22","slug":"ultimos-exemplares-disponiveis-de-livros-de-fotografia-ja-esgotados-nas-livrarias","status":"publish","type":"post","link":"https:\/\/fotografiaportugal.pt\/site\/ultimos-exemplares-disponiveis-de-livros-de-fotografia-ja-esgotados-nas-livrarias\/","title":{"rendered":"\u00daltimos exemplares dispon\u00edveis de livros de Fotografia, j\u00e1 esgotados nas livrarias"},"content":{"rendered":"\n<figure class=\"wp-block-image size-large\"><img loading=\"lazy\" decoding=\"async\" width=\"1024\" height=\"389\" src=\"https:\/\/fotografiaportugal.pt\/site\/wp-content\/uploads\/2024\/12\/Campanha-Natal-20241-1024x389.jpg\" alt=\"\" class=\"wp-image-28388\" srcset=\"https:\/\/fotografiaportugal.pt\/site\/wp-content\/uploads\/2024\/12\/Campanha-Natal-20241-1024x389.jpg 1024w, https:\/\/fotografiaportugal.pt\/site\/wp-content\/uploads\/2024\/12\/Campanha-Natal-20241-300x114.jpg 300w, https:\/\/fotografiaportugal.pt\/site\/wp-content\/uploads\/2024\/12\/Campanha-Natal-20241-1536x584.jpg 1536w, https:\/\/fotografiaportugal.pt\/site\/wp-content\/uploads\/2024\/12\/Campanha-Natal-20241-2048x779.jpg 2048w, https:\/\/fotografiaportugal.pt\/site\/wp-content\/uploads\/2024\/12\/Campanha-Natal-20241-416x158.jpg 416w\" sizes=\"auto, (max-width: 1024px) 100vw, 1024px\" \/><\/figure>\n\n\n\n<p class=\"has-text-align-center\"><strong>S\u00f3 at\u00e9 31\/Dez\/2024<\/strong><\/p>\n\n\n\n<p>A loja FOTOGRAFIA Portugal \u00ae est\u00e1 a saldar os <a href=\"https:\/\/fotografiaportugal.pt\/site\/categoria-produto\/livros\/manuseados\/\">\u00faltimos exemplares dos 3 Best-Sellers da autoria de Joel Santos que ainda tem em stock<\/a> (<em><strong>j\u00e1 esgotados nas livrarias<\/strong><\/em>):<\/p>\n\n\n\n<ul class=\"wp-block-list\">\n<li><strong><u><a href=\"https:\/\/fotografiaportugal.pt\/site\/shop\/livros\/78\/\">FOTOgrafia \u2013\u00a0Luz, Exposi\u00e7\u00e3o, Composi\u00e7\u00e3o, Equipamento e Dicas para Fotografar em Portugal<\/a><\/u><\/strong><\/li>\n\n\n\n<li><a href=\"https:\/\/fotografiaportugal.pt\/site\/shop\/livros\/fotoedicao-o-guia-essencial-de-pos-producao-com-photoshop-lightroom-e-adobe-camera-raw\/\"><strong>FOTOedi\u00e7\u00e3o \u2013 O Guia Essencial de p\u00f3s-Produ\u00e7\u00e3o com Photoshop Lightroom e Adobe Camera Raw<\/strong><\/a><\/li>\n\n\n\n<li><a href=\"https:\/\/fotografiaportugal.pt\/site\/shop\/guia\/foto-pad-4-a-edicao\/\"><strong>FOTOpad<\/strong><\/a>\u00a0(4.\u00aa edi\u00e7\u00e3o, Revista e Aumentada),\u00a0<em>em formato Moleskine \u2013 com o cl\u00e1ssico el\u00e1stico<\/em><\/li>\n<\/ul>\n\n\n\n<p>Tratam-se de <a href=\"https:\/\/fotografiaportugal.pt\/site\/categoria-produto\/livros\/manuseados\/\"><strong>livros manuseados<\/strong><\/a>&nbsp;(livros em estado novo, que j\u00e1 foram colocados \u00e0 venda em lojas comerciais e que podem ter etiquetas com pre\u00e7os ou promo\u00e7\u00f5es das lojas e, por vezes, alguma sujidade ou imperfei\u00e7\u00e3o do manuseamento em loja), com um <strong>Pre\u00e7o Especial<\/strong>&nbsp;v\u00e1lido para encomendas at\u00e9 ao dia <strong>31\/12\/2024<\/strong> (salvo rutura de stock) e com portes gratuitos no envio para qualquer morada em Portugal.<\/p>\n","protected":false},"excerpt":{"rendered":"<p>S\u00f3 at\u00e9 31\/Dez\/2024 A loja FOTOGRAFIA Portugal \u00ae est\u00e1 a saldar os \u00faltimos exemplares dos 3 Best-Sellers da autoria de Joel Santos que ainda tem em stock (j\u00e1 esgotados nas livrarias): Tratam-se de livros manuseados&nbsp;(livros em estado novo, que j\u00e1 foram colocados \u00e0 venda em lojas comerciais e que podem ter etiquetas com pre\u00e7os ou [&hellip;]<\/p>\n","protected":false},"author":2629,"featured_media":0,"comment_status":"closed","ping_status":"closed","sticky":false,"template":"","format":"standard","meta":{"footnotes":""},"categories":[1],"tags":[],"class_list":["post-28437","post","type-post","status-publish","format-standard","hentry","category-uncategorized"],"_links":{"self":[{"href":"https:\/\/fotografiaportugal.pt\/site\/wp-json\/wp\/v2\/posts\/28437","targetHints":{"allow":["GET"]}}],"collection":[{"href":"https:\/\/fotografiaportugal.pt\/site\/wp-json\/wp\/v2\/posts"}],"about":[{"href":"https:\/\/fotografiaportugal.pt\/site\/wp-json\/wp\/v2\/types\/post"}],"author":[{"embeddable":true,"href":"https:\/\/fotografiaportugal.pt\/site\/wp-json\/wp\/v2\/users\/2629"}],"replies":[{"embeddable":true,"href":"https:\/\/fotografiaportugal.pt\/site\/wp-json\/wp\/v2\/comments?post=28437"}],"version-history":[{"count":1,"href":"https:\/\/fotografiaportugal.pt\/site\/wp-json\/wp\/v2\/posts\/28437\/revisions"}],"predecessor-version":[{"id":28438,"href":"https:\/\/fotografiaportugal.pt\/site\/wp-json\/wp\/v2\/posts\/28437\/revisions\/28438"}],"wp:attachment":[{"href":"https:\/\/fotografiaportugal.pt\/site\/wp-json\/wp\/v2\/media?parent=28437"}],"wp:term":[{"taxonomy":"category","embeddable":true,"href":"https:\/\/fotografiaportugal.pt\/site\/wp-json\/wp\/v2\/categories?post=28437"},{"taxonomy":"post_tag","embeddable":true,"href":"https:\/\/fotografiaportugal.pt\/site\/wp-json\/wp\/v2\/tags?post=28437"}],"curies":[{"name":"wp","href":"https:\/\/api.w.org\/{rel}","templated":true}]}}