{"id":28451,"date":"2024-12-21T17:56:08","date_gmt":"2024-12-21T17:56:08","guid":{"rendered":"https:\/\/fotografiaportugal.pt\/site\/?p=28451"},"modified":"2024-12-21T17:57:33","modified_gmt":"2024-12-21T17:57:33","slug":"fotoedicao-esgotado-ultimos-exemplares-disponiveis-de-livros-fotografia-e-fotopad-ja-esgotados-nas-livrarias","status":"publish","type":"post","link":"https:\/\/fotografiaportugal.pt\/site\/fotoedicao-esgotado-ultimos-exemplares-disponiveis-de-livros-fotografia-e-fotopad-ja-esgotados-nas-livrarias\/","title":{"rendered":"FOTOedi\u00e7\u00e3o esgotado em apenas 8 dias. \u00daltimos exemplares dispon\u00edveis dos livros FOTOgrafia e FOTOpad, j\u00e1 esgotados nas livrarias"},"content":{"rendered":"\n<figure class=\"wp-block-image size-large\"><a href=\"https:\/\/fotografiaportugal.pt\/site\/categoria-produto\/livros\/manuseados\/\"><img loading=\"lazy\" decoding=\"async\" width=\"1024\" height=\"640\" src=\"https:\/\/fotografiaportugal.pt\/site\/wp-content\/uploads\/2024\/12\/Campanha-Natal-20242-1024x640.jpg\" alt=\"\" class=\"wp-image-28452\" srcset=\"https:\/\/fotografiaportugal.pt\/site\/wp-content\/uploads\/2024\/12\/Campanha-Natal-20242-1024x640.jpg 1024w, https:\/\/fotografiaportugal.pt\/site\/wp-content\/uploads\/2024\/12\/Campanha-Natal-20242-300x188.jpg 300w, https:\/\/fotografiaportugal.pt\/site\/wp-content\/uploads\/2024\/12\/Campanha-Natal-20242-1536x960.jpg 1536w, https:\/\/fotografiaportugal.pt\/site\/wp-content\/uploads\/2024\/12\/Campanha-Natal-20242-2048x1280.jpg 2048w, https:\/\/fotografiaportugal.pt\/site\/wp-content\/uploads\/2024\/12\/Campanha-Natal-20242-416x260.jpg 416w\" sizes=\"auto, (max-width: 1024px) 100vw, 1024px\" \/><\/a><\/figure>\n\n\n\n<p class=\"has-text-align-center\"><strong>S\u00f3 at\u00e9 ao dia 31\/Dez\/2024<\/strong><\/p>\n\n\n\n<p>Agradecemos a todos os clientes as imensas encomendas que t\u00eam feito nos \u00faltimos oito dias que fizeram com que se esgotasse completamente o stock de livros <a href=\"https:\/\/fotografiaportugal.pt\/site\/shop\/livros\/fotoedicao-o-guia-essencial-de-pos-producao-com-photoshop-lightroom-e-adobe-camera-raw\/\"><strong>FOTOedi\u00e7\u00e3o \u2013 O Guia Essencial de p\u00f3s-Produ\u00e7\u00e3o com Photoshop Lightroom e Adobe Camera Raw<\/strong><\/a>, da autoria de Joel Santos.<\/p>\n\n\n\n<p>Na loja FOTOGRAFIA Portugal \u00ae ainda temos algum stock dos livros <strong><u><a href=\"https:\/\/fotografiaportugal.pt\/site\/shop\/livros\/78\/\">FOTOgrafia \u2013\u00a0Luz, Exposi\u00e7\u00e3o, Composi\u00e7\u00e3o, Equipamento e Dicas para Fotografar em Portugal<\/a><\/u><\/strong> e <a href=\"https:\/\/fotografiaportugal.pt\/site\/shop\/guia\/foto-pad-4-a-edicao\/\"><strong>FOTOpad<\/strong><\/a>\u00a0(4.\u00aa edi\u00e7\u00e3o, Revista e Aumentada),\u00a0<em>em formato Moleskine \u2013 com o cl\u00e1ssico el\u00e1stico<\/em>, que estamos a saldar os <a href=\"https:\/\/fotografiaportugal.pt\/site\/categoria-produto\/livros\/manuseados\/\">\u00faltimos exemplares destes <strong>2<\/strong> magn\u00edficos Best-Sellers da autoria de Joel Santos que ainda temos em stock<\/a> (<em><strong>j\u00e1 esgotados nas livrarias<\/strong><\/em>):<\/p>\n\n\n\n<ul class=\"wp-block-list\">\n<li><strong><u><a href=\"https:\/\/fotografiaportugal.pt\/site\/shop\/livros\/78\/\">FOTOgrafia \u2013&nbsp;Luz, Exposi\u00e7\u00e3o, Composi\u00e7\u00e3o, Equipamento e Dicas para Fotografar em Portugal<\/a><\/u><\/strong><\/li>\n\n\n\n<li><a href=\"https:\/\/fotografiaportugal.pt\/site\/shop\/guia\/foto-pad-4-a-edicao\/\"><strong>FOTOpad<\/strong><\/a>\u00a0(4.\u00aa edi\u00e7\u00e3o, Revista e Aumentada),\u00a0<em>em formato Moleskine \u2013 com o cl\u00e1ssico el\u00e1stico<\/em><\/li>\n<\/ul>\n\n\n\n<p>e iremos aceitar encomendas at\u00e9 ao dia <strong>31\/12\/2024<\/strong> (salvo rutura de stock).<\/p>\n\n\n\n<p>Tratam-se de <a href=\"https:\/\/fotografiaportugal.pt\/site\/categoria-produto\/livros\/manuseados\/\"><strong>livros manuseados<\/strong><\/a>\u00a0(livros em estado novo, que j\u00e1 foram colocados \u00e0 venda em lojas comerciais e que podem ter etiquetas com pre\u00e7os ou promo\u00e7\u00f5es das lojas e, por vezes, alguma sujidade ou imperfei\u00e7\u00e3o do manuseamento em loja), com um <strong>Pre\u00e7o Especial<\/strong>\u00a0v\u00e1lido para encomendas at\u00e9 ao dia <strong>31\/12\/2024<\/strong> (salvo rutura de stock) e com portes gratuitos no envio para qualquer morada em Portugal.<\/p>\n\n\n\n<p><\/p>\n","protected":false},"excerpt":{"rendered":"<p>S\u00f3 at\u00e9 ao dia 31\/Dez\/2024 Agradecemos a todos os clientes as imensas encomendas que t\u00eam feito nos \u00faltimos oito dias que fizeram com que se esgotasse completamente o stock de livros FOTOedi\u00e7\u00e3o \u2013 O Guia Essencial de p\u00f3s-Produ\u00e7\u00e3o com Photoshop Lightroom e Adobe Camera Raw, da autoria de Joel Santos. Na loja FOTOGRAFIA Portugal \u00ae [&hellip;]<\/p>\n","protected":false},"author":2629,"featured_media":0,"comment_status":"closed","ping_status":"closed","sticky":false,"template":"","format":"standard","meta":{"footnotes":""},"categories":[1],"tags":[],"class_list":["post-28451","post","type-post","status-publish","format-standard","hentry","category-uncategorized"],"_links":{"self":[{"href":"https:\/\/fotografiaportugal.pt\/site\/wp-json\/wp\/v2\/posts\/28451","targetHints":{"allow":["GET"]}}],"collection":[{"href":"https:\/\/fotografiaportugal.pt\/site\/wp-json\/wp\/v2\/posts"}],"about":[{"href":"https:\/\/fotografiaportugal.pt\/site\/wp-json\/wp\/v2\/types\/post"}],"author":[{"embeddable":true,"href":"https:\/\/fotografiaportugal.pt\/site\/wp-json\/wp\/v2\/users\/2629"}],"replies":[{"embeddable":true,"href":"https:\/\/fotografiaportugal.pt\/site\/wp-json\/wp\/v2\/comments?post=28451"}],"version-history":[{"count":3,"href":"https:\/\/fotografiaportugal.pt\/site\/wp-json\/wp\/v2\/posts\/28451\/revisions"}],"predecessor-version":[{"id":28456,"href":"https:\/\/fotografiaportugal.pt\/site\/wp-json\/wp\/v2\/posts\/28451\/revisions\/28456"}],"wp:attachment":[{"href":"https:\/\/fotografiaportugal.pt\/site\/wp-json\/wp\/v2\/media?parent=28451"}],"wp:term":[{"taxonomy":"category","embeddable":true,"href":"https:\/\/fotografiaportugal.pt\/site\/wp-json\/wp\/v2\/categories?post=28451"},{"taxonomy":"post_tag","embeddable":true,"href":"https:\/\/fotografiaportugal.pt\/site\/wp-json\/wp\/v2\/tags?post=28451"}],"curies":[{"name":"wp","href":"https:\/\/api.w.org\/{rel}","templated":true}]}}