{"id":28484,"date":"2025-03-28T09:21:58","date_gmt":"2025-03-28T09:21:58","guid":{"rendered":"https:\/\/fotografiaportugal.pt\/site\/?p=28484"},"modified":"2025-03-28T09:22:08","modified_gmt":"2025-03-28T09:22:08","slug":"dia-nacional-dos-centros-historicos-2","status":"publish","type":"post","link":"https:\/\/fotografiaportugal.pt\/site\/dia-nacional-dos-centros-historicos-2\/","title":{"rendered":"Dia Nacional dos Centros Hist\u00f3ricos"},"content":{"rendered":"\n<figure class=\"wp-block-image size-large\"><a href=\"https:\/\/fotografiaportugal.pt\/site\/categoria-produto\/livros\/\" target=\"_blank\" rel=\" noreferrer noopener\"><img loading=\"lazy\" decoding=\"async\" width=\"1024\" height=\"683\" src=\"https:\/\/fotografiaportugal.pt\/site\/wp-content\/uploads\/2025\/03\/Campanha-Primavera-2025-1024x683.jpg\" alt=\"\" class=\"wp-image-28485\" srcset=\"https:\/\/fotografiaportugal.pt\/site\/wp-content\/uploads\/2025\/03\/Campanha-Primavera-2025-1024x683.jpg 1024w, https:\/\/fotografiaportugal.pt\/site\/wp-content\/uploads\/2025\/03\/Campanha-Primavera-2025-300x200.jpg 300w, https:\/\/fotografiaportugal.pt\/site\/wp-content\/uploads\/2025\/03\/Campanha-Primavera-2025-1536x1024.jpg 1536w, https:\/\/fotografiaportugal.pt\/site\/wp-content\/uploads\/2025\/03\/Campanha-Primavera-2025-2048x1365.jpg 2048w, https:\/\/fotografiaportugal.pt\/site\/wp-content\/uploads\/2025\/03\/Campanha-Primavera-2025-416x277.jpg 416w\" sizes=\"auto, (max-width: 1024px) 100vw, 1024px\" \/><\/a><\/figure>\n\n\n\n<p><strong>Alexandre Herculano<\/strong>, de seu nome completo Alexandre Herculano de Carvalho e Ara\u00fajo, \u00e9 o patrono do <strong>Dia Nacional dos Centros Hist\u00f3ricos<\/strong>, que se comemora anualmente a <strong>28 de mar\u00e7o<\/strong>, data do seu nascimento (em 1810).<\/p>\n\n\n\n<p>O <strong>Dia Nacional dos Centros Hist\u00f3ricos Portugueses<\/strong> foi formalmente criado em <strong>28 de mar\u00e7o de 1993<\/strong>, sendo rapidamente adotado pela maioria dos Munic\u00edpios com centro hist\u00f3rico em Portugal.<\/p>\n\n\n\n<p>Neste <strong><a href=\"https:\/\/fotografiaportugal.pt\/site\/categoria-produto\/livros\/\" target=\"_blank\" rel=\"noreferrer noopener\">Dia Nacional dos Centros Hist\u00f3ricos<\/a><\/strong> venha conhecer <strong><a href=\"https:\/\/fotografiaportugal.pt\/site\/categoria-produto\/livros\/\" target=\"_blank\" rel=\"noreferrer noopener\">Portugal<\/a> <\/strong>e o seu magn\u00edfico patrim\u00f3nio atrav\u00e9s dos nossos <strong><a href=\"https:\/\/fotografiaportugal.pt\/site\/categoria-produto\/best-sellers-para-turistas-for-tourists\/\">Best-Sellers para turistas<\/a><\/strong>.<\/p>\n\n\n\n<p><\/p>\n","protected":false},"excerpt":{"rendered":"<p>Alexandre Herculano, de seu nome completo Alexandre Herculano de Carvalho e Ara\u00fajo, \u00e9 o patrono do Dia Nacional dos Centros Hist\u00f3ricos, que se comemora anualmente a 28 de mar\u00e7o, data do seu nascimento (em 1810). O Dia Nacional dos Centros Hist\u00f3ricos Portugueses foi formalmente criado em 28 de mar\u00e7o de 1993, sendo rapidamente adotado pela [&hellip;]<\/p>\n","protected":false},"author":2629,"featured_media":0,"comment_status":"closed","ping_status":"closed","sticky":false,"template":"","format":"standard","meta":{"footnotes":""},"categories":[1],"tags":[],"class_list":["post-28484","post","type-post","status-publish","format-standard","hentry","category-uncategorized"],"_links":{"self":[{"href":"https:\/\/fotografiaportugal.pt\/site\/wp-json\/wp\/v2\/posts\/28484","targetHints":{"allow":["GET"]}}],"collection":[{"href":"https:\/\/fotografiaportugal.pt\/site\/wp-json\/wp\/v2\/posts"}],"about":[{"href":"https:\/\/fotografiaportugal.pt\/site\/wp-json\/wp\/v2\/types\/post"}],"author":[{"embeddable":true,"href":"https:\/\/fotografiaportugal.pt\/site\/wp-json\/wp\/v2\/users\/2629"}],"replies":[{"embeddable":true,"href":"https:\/\/fotografiaportugal.pt\/site\/wp-json\/wp\/v2\/comments?post=28484"}],"version-history":[{"count":1,"href":"https:\/\/fotografiaportugal.pt\/site\/wp-json\/wp\/v2\/posts\/28484\/revisions"}],"predecessor-version":[{"id":28486,"href":"https:\/\/fotografiaportugal.pt\/site\/wp-json\/wp\/v2\/posts\/28484\/revisions\/28486"}],"wp:attachment":[{"href":"https:\/\/fotografiaportugal.pt\/site\/wp-json\/wp\/v2\/media?parent=28484"}],"wp:term":[{"taxonomy":"category","embeddable":true,"href":"https:\/\/fotografiaportugal.pt\/site\/wp-json\/wp\/v2\/categories?post=28484"},{"taxonomy":"post_tag","embeddable":true,"href":"https:\/\/fotografiaportugal.pt\/site\/wp-json\/wp\/v2\/tags?post=28484"}],"curies":[{"name":"wp","href":"https:\/\/api.w.org\/{rel}","templated":true}]}}