{"id":28539,"date":"2025-05-14T21:20:18","date_gmt":"2025-05-14T21:20:18","guid":{"rendered":"https:\/\/fotografiaportugal.pt\/site\/?p=28539"},"modified":"2025-05-14T21:21:25","modified_gmt":"2025-05-14T21:21:25","slug":"28539-2","status":"publish","type":"post","link":"https:\/\/fotografiaportugal.pt\/site\/28539-2\/","title":{"rendered":"Cole\u00e7\u00e3o Portugal com 14 t\u00edtulos editados at\u00e9 30 de maio"},"content":{"rendered":"\n<figure class=\"wp-block-image size-full\"><a href=\"https:\/\/fotografiaportugal.pt\/site\/produto-etiqueta\/colecao-portugal\/\"><img loading=\"lazy\" decoding=\"async\" width=\"1024\" height=\"577\" src=\"https:\/\/fotografiaportugal.pt\/site\/wp-content\/uploads\/2025\/05\/p64_Braga_ateBraga-1024x577-3.jpg\" alt=\"\" class=\"wp-image-28540\" srcset=\"https:\/\/fotografiaportugal.pt\/site\/wp-content\/uploads\/2025\/05\/p64_Braga_ateBraga-1024x577-3.jpg 1024w, https:\/\/fotografiaportugal.pt\/site\/wp-content\/uploads\/2025\/05\/p64_Braga_ateBraga-1024x577-3-300x169.jpg 300w, https:\/\/fotografiaportugal.pt\/site\/wp-content\/uploads\/2025\/05\/p64_Braga_ateBraga-1024x577-3-416x234.jpg 416w\" sizes=\"auto, (max-width: 1024px) 100vw, 1024px\" \/><\/a><\/figure>\n\n\n\n<p>Este m\u00eas de maio vai ser uma loucura para a <strong>Cole\u00e7\u00e3o Portugal<\/strong>.<\/p>\n\n\n\n<p>No pr\u00f3ximo s\u00e1bado, dia 17, ser\u00e1 editado o novo livro \u00ab<strong><a href=\"https:\/\/fotografiaportugal.pt\/site\/shop\/livros\/santarem-colecao-portugal\/\">SANTAR\u00c9M<\/a><\/strong>\u00bb.<\/p>\n\n\n\n<figure class=\"wp-block-image size-large\"><a href=\"https:\/\/fotografiaportugal.pt\/site\/shop\/livros\/santarem-colecao-portugal\/\"><img loading=\"lazy\" decoding=\"async\" width=\"1024\" height=\"737\" src=\"https:\/\/fotografiaportugal.pt\/site\/wp-content\/uploads\/2025\/05\/K3d_Santarem_3livrosdiferentes_semfundo_2000px-1-1024x737.jpg\" alt=\"\" class=\"wp-image-28543\" srcset=\"https:\/\/fotografiaportugal.pt\/site\/wp-content\/uploads\/2025\/05\/K3d_Santarem_3livrosdiferentes_semfundo_2000px-1-1024x737.jpg 1024w, https:\/\/fotografiaportugal.pt\/site\/wp-content\/uploads\/2025\/05\/K3d_Santarem_3livrosdiferentes_semfundo_2000px-1-300x216.jpg 300w, https:\/\/fotografiaportugal.pt\/site\/wp-content\/uploads\/2025\/05\/K3d_Santarem_3livrosdiferentes_semfundo_2000px-1-1536x1106.jpg 1536w, https:\/\/fotografiaportugal.pt\/site\/wp-content\/uploads\/2025\/05\/K3d_Santarem_3livrosdiferentes_semfundo_2000px-1-416x299.jpg 416w, https:\/\/fotografiaportugal.pt\/site\/wp-content\/uploads\/2025\/05\/K3d_Santarem_3livrosdiferentes_semfundo_2000px-1.jpg 1920w\" sizes=\"auto, (max-width: 1024px) 100vw, 1024px\" \/><\/a><\/figure>\n\n\n\n<p>22 de maio ser\u00e1 dedicado a \u00ab<strong><a href=\"https:\/\/fotografiaportugal.pt\/site\/shop\/livros\/leiria-colecao-portugal\/\">LEIRIA<\/a><\/strong>\u00bb.<\/p>\n\n\n\n<figure class=\"wp-block-image size-large\"><a href=\"https:\/\/fotografiaportugal.pt\/site\/shop\/livros\/leiria-colecao-portugal\/\"><img loading=\"lazy\" decoding=\"async\" width=\"1024\" height=\"737\" src=\"https:\/\/fotografiaportugal.pt\/site\/wp-content\/uploads\/2025\/05\/K3d_Leiria_3_livros_diferentes_1250px-1-1024x737.jpg\" alt=\"\" class=\"wp-image-28544\" srcset=\"https:\/\/fotografiaportugal.pt\/site\/wp-content\/uploads\/2025\/05\/K3d_Leiria_3_livros_diferentes_1250px-1-1024x737.jpg 1024w, https:\/\/fotografiaportugal.pt\/site\/wp-content\/uploads\/2025\/05\/K3d_Leiria_3_livros_diferentes_1250px-1-300x216.jpg 300w, https:\/\/fotografiaportugal.pt\/site\/wp-content\/uploads\/2025\/05\/K3d_Leiria_3_livros_diferentes_1250px-1-416x300.jpg 416w, https:\/\/fotografiaportugal.pt\/site\/wp-content\/uploads\/2025\/05\/K3d_Leiria_3_livros_diferentes_1250px-1.jpg 1250w\" sizes=\"auto, (max-width: 1024px) 100vw, 1024px\" \/><\/a><figcaption class=\"wp-element-caption\">mockups-design.com<\/figcaption><\/figure>\n\n\n\n<p>No dia 24 de maio ser\u00e1 apresentada a obra \u00ab<strong><a href=\"https:\/\/fotografiaportugal.pt\/site\/shop\/livros\/evora-colecao-portugal\/\">\u00c9VORA<\/a><\/strong>\u00bb.<\/p>\n\n\n\n<figure class=\"wp-block-image size-large\"><a href=\"https:\/\/fotografiaportugal.pt\/site\/shop\/livros\/evora-colecao-portugal\/\"><img loading=\"lazy\" decoding=\"async\" width=\"1024\" height=\"737\" src=\"https:\/\/fotografiaportugal.pt\/site\/wp-content\/uploads\/2025\/05\/K3d_Evora_3_livros_diferentes_1250px-1-1024x737.jpg\" alt=\"\" class=\"wp-image-28542\" srcset=\"https:\/\/fotografiaportugal.pt\/site\/wp-content\/uploads\/2025\/05\/K3d_Evora_3_livros_diferentes_1250px-1-1024x737.jpg 1024w, https:\/\/fotografiaportugal.pt\/site\/wp-content\/uploads\/2025\/05\/K3d_Evora_3_livros_diferentes_1250px-1-300x216.jpg 300w, https:\/\/fotografiaportugal.pt\/site\/wp-content\/uploads\/2025\/05\/K3d_Evora_3_livros_diferentes_1250px-1-416x300.jpg 416w, https:\/\/fotografiaportugal.pt\/site\/wp-content\/uploads\/2025\/05\/K3d_Evora_3_livros_diferentes_1250px-1.jpg 1250w\" sizes=\"auto, (max-width: 1024px) 100vw, 1024px\" \/><\/a><\/figure>\n\n\n\n<p>E a 30 de maio o livro \u00ab<strong><a href=\"https:\/\/fotografiaportugal.pt\/site\/shop\/livros\/braga-colecao-portugal\/\">BRAGA<\/a><\/strong>\u00bb.<\/p>\n\n\n\n<figure class=\"wp-block-image size-large\"><a href=\"https:\/\/fotografiaportugal.pt\/site\/shop\/livros\/braga-colecao-portugal\/\"><img loading=\"lazy\" decoding=\"async\" width=\"1024\" height=\"737\" src=\"https:\/\/fotografiaportugal.pt\/site\/wp-content\/uploads\/2025\/05\/K3d_Braga_3livrosdiferentes_1250px-1-1024x737.jpg\" alt=\"\" class=\"wp-image-28541\" srcset=\"https:\/\/fotografiaportugal.pt\/site\/wp-content\/uploads\/2025\/05\/K3d_Braga_3livrosdiferentes_1250px-1-1024x737.jpg 1024w, https:\/\/fotografiaportugal.pt\/site\/wp-content\/uploads\/2025\/05\/K3d_Braga_3livrosdiferentes_1250px-1-300x216.jpg 300w, https:\/\/fotografiaportugal.pt\/site\/wp-content\/uploads\/2025\/05\/K3d_Braga_3livrosdiferentes_1250px-1-416x300.jpg 416w, https:\/\/fotografiaportugal.pt\/site\/wp-content\/uploads\/2025\/05\/K3d_Braga_3livrosdiferentes_1250px-1.jpg 1250w\" sizes=\"auto, (max-width: 1024px) 100vw, 1024px\" \/><\/a><\/figure>\n\n\n\n<p>A <span style=\"text-decoration: underline;\"><strong><a href=\"https:\/\/fotografiaportugal.pt\/site\/produto-etiqueta\/colecao-portugal\/\">Cole\u00e7\u00e3o Portugal<\/a><\/strong>: a <a href=\"https:\/\/fotografiaportugal.pt\/site\/produto-etiqueta\/colecao-portugal\/\">Cole\u00e7\u00e3o de Literatura de Viagens mais importante de sempre no meio liter\u00e1rio nacional<\/a><\/span>, est\u00e1 a crescer e fechar\u00e1 o m\u00eas de maio com <span style=\"text-decoration: underline;\"><strong>14<\/strong> t\u00edtulos<\/span> j\u00e1 editados.<\/p>\n\n\n\n<p>Textos originais de ficcionistas consagrados \u2013 os autores de maior destaque da literatura portuguesa contempor\u00e2nea. Uma cole\u00e7\u00e3o sem igual, bilingue (portugu\u00eas-ingl\u00eas), intemporal, apaixonante e motivadora, em que cada livro, em capa dura, \u00e9 ilustrado fotograficamente por <a href=\"https:\/\/fotografiaportugal.pt\/site\/categoria-produto\/liborio-manuel-silva\/\">Lib\u00f3rio Manuel Silva<\/a>, com imagens registadas a partir da interpreta\u00e7\u00e3o do texto de cada autor. Viagens irrecus\u00e1veis pela hist\u00f3ria e pelo futuro de cada local, pelos seus monumentos, tradi\u00e7\u00f5es, belezas naturais, artistas e outras personagens de relevo, mas, qui\u00e7\u00e1, tamb\u00e9m pelas suas singularidades e idiossincrasias como s\u00f3 os grandes autores conseguem transmitir.<\/p>\n","protected":false},"excerpt":{"rendered":"<p>Este m\u00eas de maio vai ser uma loucura para a Cole\u00e7\u00e3o Portugal. No pr\u00f3ximo s\u00e1bado, dia 17, ser\u00e1 editado o novo livro \u00abSANTAR\u00c9M\u00bb. 22 de maio ser\u00e1 dedicado a \u00abLEIRIA\u00bb. No dia 24 de maio ser\u00e1 apresentada a obra \u00ab\u00c9VORA\u00bb. E a 30 de maio o livro \u00abBRAGA\u00bb. A Cole\u00e7\u00e3o Portugal: a Cole\u00e7\u00e3o de Literatura [&hellip;]<\/p>\n","protected":false},"author":2629,"featured_media":0,"comment_status":"closed","ping_status":"closed","sticky":false,"template":"","format":"standard","meta":{"footnotes":""},"categories":[1],"tags":[],"class_list":["post-28539","post","type-post","status-publish","format-standard","hentry","category-uncategorized"],"_links":{"self":[{"href":"https:\/\/fotografiaportugal.pt\/site\/wp-json\/wp\/v2\/posts\/28539","targetHints":{"allow":["GET"]}}],"collection":[{"href":"https:\/\/fotografiaportugal.pt\/site\/wp-json\/wp\/v2\/posts"}],"about":[{"href":"https:\/\/fotografiaportugal.pt\/site\/wp-json\/wp\/v2\/types\/post"}],"author":[{"embeddable":true,"href":"https:\/\/fotografiaportugal.pt\/site\/wp-json\/wp\/v2\/users\/2629"}],"replies":[{"embeddable":true,"href":"https:\/\/fotografiaportugal.pt\/site\/wp-json\/wp\/v2\/comments?post=28539"}],"version-history":[{"count":2,"href":"https:\/\/fotografiaportugal.pt\/site\/wp-json\/wp\/v2\/posts\/28539\/revisions"}],"predecessor-version":[{"id":28546,"href":"https:\/\/fotografiaportugal.pt\/site\/wp-json\/wp\/v2\/posts\/28539\/revisions\/28546"}],"wp:attachment":[{"href":"https:\/\/fotografiaportugal.pt\/site\/wp-json\/wp\/v2\/media?parent=28539"}],"wp:term":[{"taxonomy":"category","embeddable":true,"href":"https:\/\/fotografiaportugal.pt\/site\/wp-json\/wp\/v2\/categories?post=28539"},{"taxonomy":"post_tag","embeddable":true,"href":"https:\/\/fotografiaportugal.pt\/site\/wp-json\/wp\/v2\/tags?post=28539"}],"curies":[{"name":"wp","href":"https:\/\/api.w.org\/{rel}","templated":true}]}}