{"id":2985,"date":"2016-05-18T09:58:04","date_gmt":"2016-05-18T09:58:04","guid":{"rendered":"http:\/\/fotografiaportugal.pt\/site\/?p=2985"},"modified":"2016-05-18T09:58:35","modified_gmt":"2016-05-18T09:58:35","slug":"25-000-fas-www-fotografiaportugal-pt","status":"publish","type":"post","link":"https:\/\/fotografiaportugal.pt\/site\/25-000-fas-www-fotografiaportugal-pt\/","title":{"rendered":"25.000 f\u00e3s de www.fotografiaportugal.pt"},"content":{"rendered":"<p>Ultrapassamos os 25.000 seguidores na p\u00e1gina <a href=\"http:\/\/www.fotografiaportugal.pt\/\">www.fotografiaportugal.pt<\/a><\/p>\n<p>Continuamos a crescer todos os dias! Muito obrigado a todos \ud83d\ude42<\/p>\n<p><span style=\"text-decoration: underline;\">Resumo de estat\u00edsticas<\/span>:<\/p>\n<p><!--more--><\/p>\n<p>P\u00fablico de maior dimens\u00e3o (15%): Homens entre 35 e 44 anos<\/p>\n<p>38% de senhoras e 62% de homens seguem a p\u00e1gina;<\/p>\n<p><strong>85%<\/strong> dos f\u00e3s \/ amigos residem em <strong>Portugal<\/strong>;<\/p>\n<p>Outros 5 principais pa\u00edses por ordem: Angola, Timor-Leste, Brasil, Fran\u00e7a e Reino Unido;<\/p>\n<p>8% dos f\u00e3s \/ amigos residem em Lisboa;<\/p>\n<p>Outras 5 cidades por ordem: Porto, Sintra, Luanda (Angola), Vila Nova de Gaia, Dili (Timor-Leste);<\/p>\n<p><strong>89%<\/strong> dos f\u00e3s \/ amigos utilizam o <strong>portugu\u00eas<\/strong> como <strong>l\u00edngua base<\/strong>;<\/p>\n<p>Outras 5 l\u00ednguas mais utilizadas por ordem: Ingl\u00eas, Indon\u00e9sio, \u00a0Espanhol, Franc\u00eas e Alem\u00e3o.<\/p>\n<p>A <strong>l\u00edngua portuguesa (de Portugal)<\/strong> \u00e9 a mais utilizada com <strong>84%<\/strong> de utilizadores.<\/p>\n<p>A l\u00edngua portuguesa (de Brasil) representa 5% dos utilizadores.<\/p>\n<p><strong>27%<\/strong> dos utilizadores t\u00eam idades compreendidas <strong>entre os 35 e os 44 anos<\/strong>.<\/p>\n<p><strong>66% entre os 25 e os 54 anos<\/strong>.<\/p>\n<p>&nbsp;<\/p>\n<p><a href=\"http:\/\/www.fotografiaportugal.pt\/\">www.fotografiaportugal.pt<\/a><\/p>\n<p>As melhores fotos de Portugal e de portugueses \u00e0 volta do mundo<\/p>\n<p>Partilha de t\u00e9cnicas e par\u00e2metros fotogr\u00e1ficos<\/p>\n<p>Exposi\u00e7\u00f5es on-line de Fotografia<\/p>\n<p>Condi\u00e7\u00f5es especiais na aquisi\u00e7\u00e3o de livros de FOTOGRAFIA e de EDI\u00c7\u00c3O FOTOGR\u00c1FICA.<\/p>\n<p>&nbsp;<\/p>\n<p>FOTOGRAFIA Portugal<\/p>\n<p>Site: <a href=\"https:\/\/fotografiaportugal.pt\/site\/\">https:\/\/fotografiaportugal.pt\/site\/<\/a><\/p>\n<p>Exposi\u00e7\u00f5es: <a href=\"https:\/\/fotografiaportugal.pt\/site\/exposicoes\/\">https:\/\/fotografiaportugal.pt\/site\/exposicoes\/<\/a><\/p>\n<p>Loja: <a href=\"https:\/\/fotografiaportugal.pt\/site\/shop\/\">https:\/\/fotografiaportugal.pt\/site\/shop\/<\/a><\/p>\n<p>Impress\u00e3o e Criatividade: <a href=\"http:\/\/www.fotografiaportugal.dreambooks.pt\/\">http:\/\/www.fotografiaportugal.dreambooks.pt\/<\/a><\/p>\n<p>P\u00e1gina: <a href=\"www.fotografiaportugal.pt\">www.fotografiaportugal.pt<\/a> (no Facebook)<\/p>\n<p>Regras: <a href=\"https:\/\/fotografiaportugal.pt\/site\/regras\/\">https:\/\/fotografiaportugal.pt\/site\/regras\/<\/a><\/p>\n<p>E-mail: <a href=\"mailto:info@fotografiaportugal.pt\">info@fotografiaportugal.pt<\/a><\/p>\n","protected":false},"excerpt":{"rendered":"<p>Ultrapassamos os 25.000 seguidores na p\u00e1gina www.fotografiaportugal.pt Continuamos a crescer todos os dias! Muito obrigado a todos \ud83d\ude42 Resumo de estat\u00edsticas:<\/p>\n","protected":false},"author":2629,"featured_media":2986,"comment_status":"closed","ping_status":"closed","sticky":false,"template":"","format":"standard","meta":{"footnotes":""},"categories":[63],"tags":[],"class_list":["post-2985","post","type-post","status-publish","format-standard","has-post-thumbnail","hentry","category-noticia"],"_links":{"self":[{"href":"https:\/\/fotografiaportugal.pt\/site\/wp-json\/wp\/v2\/posts\/2985","targetHints":{"allow":["GET"]}}],"collection":[{"href":"https:\/\/fotografiaportugal.pt\/site\/wp-json\/wp\/v2\/posts"}],"about":[{"href":"https:\/\/fotografiaportugal.pt\/site\/wp-json\/wp\/v2\/types\/post"}],"author":[{"embeddable":true,"href":"https:\/\/fotografiaportugal.pt\/site\/wp-json\/wp\/v2\/users\/2629"}],"replies":[{"embeddable":true,"href":"https:\/\/fotografiaportugal.pt\/site\/wp-json\/wp\/v2\/comments?post=2985"}],"version-history":[{"count":2,"href":"https:\/\/fotografiaportugal.pt\/site\/wp-json\/wp\/v2\/posts\/2985\/revisions"}],"predecessor-version":[{"id":2988,"href":"https:\/\/fotografiaportugal.pt\/site\/wp-json\/wp\/v2\/posts\/2985\/revisions\/2988"}],"wp:featuredmedia":[{"embeddable":true,"href":"https:\/\/fotografiaportugal.pt\/site\/wp-json\/wp\/v2\/media\/2986"}],"wp:attachment":[{"href":"https:\/\/fotografiaportugal.pt\/site\/wp-json\/wp\/v2\/media?parent=2985"}],"wp:term":[{"taxonomy":"category","embeddable":true,"href":"https:\/\/fotografiaportugal.pt\/site\/wp-json\/wp\/v2\/categories?post=2985"},{"taxonomy":"post_tag","embeddable":true,"href":"https:\/\/fotografiaportugal.pt\/site\/wp-json\/wp\/v2\/tags?post=2985"}],"curies":[{"name":"wp","href":"https:\/\/api.w.org\/{rel}","templated":true}]}}