{"id":3825,"date":"2017-01-15T23:54:09","date_gmt":"2017-01-15T23:54:09","guid":{"rendered":"http:\/\/fotografiaportugal.pt\/site\/?p=3825"},"modified":"2017-01-17T11:03:49","modified_gmt":"2017-01-17T11:03:49","slug":"inauguracao-da-exposicao-playboy-world-ana-dias-um-sucesso","status":"publish","type":"post","link":"https:\/\/fotografiaportugal.pt\/site\/inauguracao-da-exposicao-playboy-world-ana-dias-um-sucesso\/","title":{"rendered":"Inaugura\u00e7\u00e3o da exposi\u00e7\u00e3o &#8220;Playboy World&#8221;, de Ana Dias, foi um sucesso!"},"content":{"rendered":"<p>A inaugura\u00e7\u00e3o da\u00a0exposi\u00e7\u00e3o fotogr\u00e1fica \u201c<a href=\"https:\/\/fotografiaportugal.pt\/site\/exposicoes\/playboy-world\/\"><strong>Playboy World<\/strong><\/a>\u201d, de <strong>Ana Dias<\/strong>, na <strong>Galeria de Arte<\/strong> do <strong>Casino Lisboa<\/strong>, na passada sexta, dia\u00a013 de Janeiro, foi um enorme sucesso!<\/p>\n<p>Veja as fotos:<\/p>\n<p>\u00a9 <a href=\"http:\/\/www.jorgeteixeira.com\/\">Jorge Teixeira<\/a><\/p>\n<p><!--more--><\/p>\n<p>[gallery_bank type=&#8221;images&#8221; format=&#8221;blog&#8221; title=&#8221;true&#8221; desc=&#8221;false&#8221; special_effect=&#8221;none&#8221; animation_effect=&#8221;bounce&#8221; album_title=&#8221;true&#8221; album_id=&#8221;44&#8243;]<\/p>\n<p>Veja tamb\u00e9m o v\u00eddeo:<\/p>\n<p>Video: <a href=\"https:\/\/vimeo.com\/companhiadosfilmes\" target=\"_blank\">Companhia dos Filmes<\/a><\/p>\n<p>Imagens A\u00e9reas: <a href=\"https:\/\/vimeo.com\/flybasto\" target=\"_blank\">FlyBasto<\/a><\/p>\n<p><iframe loading=\"lazy\" width=\"980\" height=\"551\" src=\"https:\/\/www.youtube.com\/embed\/XvndrIJ-H7s?feature=oembed\" frameborder=\"0\" allowfullscreen><\/iframe><\/p>\n<p><a href=\"https:\/\/fotografiaportugal.pt\/site\/exposicoes\/playboy-world\/\"><img loading=\"lazy\" decoding=\"async\" class=\"alignnone size-medium wp-image-3796\" src=\"https:\/\/fotografiaportugal.pt\/site\/wp-content\/uploads\/2017\/01\/poster-Ana-Dias-RGB-BR-240x300.jpg\" alt=\"poster-ana-dias-rgb-br\" width=\"240\" height=\"300\" srcset=\"https:\/\/fotografiaportugal.pt\/site\/wp-content\/uploads\/2017\/01\/poster-Ana-Dias-RGB-BR-240x300.jpg 240w, https:\/\/fotografiaportugal.pt\/site\/wp-content\/uploads\/2017\/01\/poster-Ana-Dias-RGB-BR.jpg 800w, https:\/\/fotografiaportugal.pt\/site\/wp-content\/uploads\/2017\/01\/poster-Ana-Dias-RGB-BR-149x186.jpg 149w\" sizes=\"auto, (max-width: 240px) 100vw, 240px\" \/><\/a><\/p>\n<p class=\"gmail-p5\"><span class=\"gmail-s1\">A exposi\u00e7\u00e3o fotogr\u00e1fica \u201c<a href=\"https:\/\/fotografiaportugal.pt\/site\/exposicoes\/playboy-world\/\"><strong>Playboy World<\/strong><\/a>\u201d estar\u00e1 patente ao p\u00fablico, de 13 de Janeiro a 9 de Mar\u00e7o, de Domingo a Quinta-Feira, das 15h00 \u00e0s 03h00, e \u00e0s Sextas-Feiras e aos S\u00e1bados das 16h00 \u00e0s 04h00, na <strong>Galeria de Arte<\/strong> do <strong>Casino Lisboa<\/strong>.\u00a0<\/span><span class=\"gmail-s1\">Por imperativo legal, o acesso aos espa\u00e7os do Casino Lisboa \u00e9 reservado a maiores de 18 anos.<\/span><\/p>\n<p class=\"gmail-p5\"><a href=\"https:\/\/fotografiaportugal.pt\/site\/exposicoes\/playboy-world\/\"><img loading=\"lazy\" decoding=\"async\" class=\"alignnone size-medium wp-image-3827\" src=\"https:\/\/fotografiaportugal.pt\/site\/wp-content\/uploads\/2017\/01\/qrcode_PW-300x300.jpg\" alt=\"qrcode_PW\" width=\"300\" height=\"300\" srcset=\"https:\/\/fotografiaportugal.pt\/site\/wp-content\/uploads\/2017\/01\/qrcode_PW-300x300.jpg 300w, https:\/\/fotografiaportugal.pt\/site\/wp-content\/uploads\/2017\/01\/qrcode_PW-150x150.jpg 150w, https:\/\/fotografiaportugal.pt\/site\/wp-content\/uploads\/2017\/01\/qrcode_PW.jpg 1000w, https:\/\/fotografiaportugal.pt\/site\/wp-content\/uploads\/2017\/01\/qrcode_PW-186x186.jpg 186w\" sizes=\"auto, (max-width: 300px) 100vw, 300px\" \/><\/a><\/p>\n<p class=\"gmail-p5\">Actualmente a\u00a0exposi\u00e7\u00e3o fotogr\u00e1fica \u201c<a href=\"https:\/\/fotografiaportugal.pt\/site\/exposicoes\/playboy-world\/\"><strong>Playboy World<\/strong><\/a>\u201d est\u00e1 apresentada no site FOTOGRAFIA Portugal com oito imagens. A partir de\u00a09 de Mar\u00e7o estar\u00e3o dispon\u00edveis online todas as 19 fotografias da\u00a0exposi\u00e7\u00e3o fotogr\u00e1fica \u201c<a href=\"https:\/\/fotografiaportugal.pt\/site\/exposicoes\/playboy-world\/\"><strong>Playboy World<\/strong><\/a>\u201d.<\/p>\n<p class=\"gmail-p5\"><a href=\"https:\/\/fotografiaportugal.pt\/site\/exposicoes\/ana-dias-uma-viagem-ao-mundo-playboy\/\"><img loading=\"lazy\" decoding=\"async\" class=\"alignnone size-medium wp-image-3826\" src=\"https:\/\/fotografiaportugal.pt\/site\/wp-content\/uploads\/2017\/01\/Convite-Ana-Dias-base-texto-300x199.jpg\" alt=\"Convite Ana Dias base - texto\" width=\"300\" height=\"199\" srcset=\"https:\/\/fotografiaportugal.pt\/site\/wp-content\/uploads\/2017\/01\/Convite-Ana-Dias-base-texto-300x199.jpg 300w, https:\/\/fotografiaportugal.pt\/site\/wp-content\/uploads\/2017\/01\/Convite-Ana-Dias-base-texto.jpg 450w, https:\/\/fotografiaportugal.pt\/site\/wp-content\/uploads\/2017\/01\/Convite-Ana-Dias-base-texto-280x186.jpg 280w\" sizes=\"auto, (max-width: 300px) 100vw, 300px\" \/><\/a><\/p>\n<p class=\"gmail-p5\">Ver tamb\u00e9m a exposi\u00e7\u00e3o &#8220;<a href=\"https:\/\/fotografiaportugal.pt\/site\/exposicoes\/ana-dias-uma-viagem-ao-mundo-playboy\/\"><strong>Ana Dias &#8211; Uma viagem ao mundo Playboy<\/strong><\/a>&#8220;<\/p>\n","protected":false},"excerpt":{"rendered":"<p>A inaugura\u00e7\u00e3o da\u00a0exposi\u00e7\u00e3o fotogr\u00e1fica \u201cPlayboy World\u201d, de Ana Dias, na Galeria de Arte do Casino Lisboa, na passada sexta, dia\u00a013 de Janeiro, foi um enorme sucesso! Veja as fotos: \u00a9 Jorge Teixeira<\/p>\n","protected":false},"author":2629,"featured_media":3828,"comment_status":"closed","ping_status":"closed","sticky":false,"template":"","format":"standard","meta":{"footnotes":""},"categories":[63],"tags":[],"class_list":["post-3825","post","type-post","status-publish","format-standard","has-post-thumbnail","hentry","category-noticia"],"_links":{"self":[{"href":"https:\/\/fotografiaportugal.pt\/site\/wp-json\/wp\/v2\/posts\/3825","targetHints":{"allow":["GET"]}}],"collection":[{"href":"https:\/\/fotografiaportugal.pt\/site\/wp-json\/wp\/v2\/posts"}],"about":[{"href":"https:\/\/fotografiaportugal.pt\/site\/wp-json\/wp\/v2\/types\/post"}],"author":[{"embeddable":true,"href":"https:\/\/fotografiaportugal.pt\/site\/wp-json\/wp\/v2\/users\/2629"}],"replies":[{"embeddable":true,"href":"https:\/\/fotografiaportugal.pt\/site\/wp-json\/wp\/v2\/comments?post=3825"}],"version-history":[{"count":8,"href":"https:\/\/fotografiaportugal.pt\/site\/wp-json\/wp\/v2\/posts\/3825\/revisions"}],"predecessor-version":[{"id":3843,"href":"https:\/\/fotografiaportugal.pt\/site\/wp-json\/wp\/v2\/posts\/3825\/revisions\/3843"}],"wp:featuredmedia":[{"embeddable":true,"href":"https:\/\/fotografiaportugal.pt\/site\/wp-json\/wp\/v2\/media\/3828"}],"wp:attachment":[{"href":"https:\/\/fotografiaportugal.pt\/site\/wp-json\/wp\/v2\/media?parent=3825"}],"wp:term":[{"taxonomy":"category","embeddable":true,"href":"https:\/\/fotografiaportugal.pt\/site\/wp-json\/wp\/v2\/categories?post=3825"},{"taxonomy":"post_tag","embeddable":true,"href":"https:\/\/fotografiaportugal.pt\/site\/wp-json\/wp\/v2\/tags?post=3825"}],"curies":[{"name":"wp","href":"https:\/\/api.w.org\/{rel}","templated":true}]}}