{"id":3838,"date":"2017-01-16T14:49:03","date_gmt":"2017-01-16T14:49:03","guid":{"rendered":"http:\/\/fotografiaportugal.pt\/site\/?p=3838"},"modified":"2017-01-16T14:49:03","modified_gmt":"2017-01-16T14:49:03","slug":"iii-concurso-fotografia-um-olhar-serra-da-estrela","status":"publish","type":"post","link":"https:\/\/fotografiaportugal.pt\/site\/iii-concurso-fotografia-um-olhar-serra-da-estrela\/","title":{"rendered":"III Concurso de Fotografia &#8211; Um Olhar sobre a Serra da Estrela"},"content":{"rendered":"<p><a href=\"http:\/\/www.geoparkestrela.pt\/index.php\/atividades\/concursos\/iiiconcursofotografia\/regulamento\" target=\"_blank\"><img loading=\"lazy\" decoding=\"async\" class=\"alignnone size-medium wp-image-3839\" src=\"https:\/\/fotografiaportugal.pt\/site\/wp-content\/uploads\/2017\/01\/CartazA3-III-Concurso-Fotografiav2-BR-212x300.jpg\" alt=\"CartazA3-III-Concurso-Fotografiav2 - BR\" width=\"212\" height=\"300\" srcset=\"https:\/\/fotografiaportugal.pt\/site\/wp-content\/uploads\/2017\/01\/CartazA3-III-Concurso-Fotografiav2-BR-212x300.jpg 212w, https:\/\/fotografiaportugal.pt\/site\/wp-content\/uploads\/2017\/01\/CartazA3-III-Concurso-Fotografiav2-BR.jpg 500w, https:\/\/fotografiaportugal.pt\/site\/wp-content\/uploads\/2017\/01\/CartazA3-III-Concurso-Fotografiav2-BR-132x186.jpg 132w\" sizes=\"auto, (max-width: 212px) 100vw, 212px\" \/><\/a><\/p>\n<p>O <em>Aspiring Geopark<\/em> Estrela convida toda a popula\u00e7\u00e3o a participar, com o seu olhar e a sua sensibilidade, no concurso de fotografia sobre o territ\u00f3rio deste Aspirante a Geopark Mundial da UNESCO. Este territ\u00f3rio \u00e9 composto pelos munic\u00edpios de Belmonte, Celorico da Beira, Covilh\u00e3, Fornos de Algodres, Gouveia, Guarda, Manteigas, Oliveira do Hospital e Seia.<\/p>\n<p><a href=\"http:\/\/www.geoparkestrela.pt\/index.php\/atividades\/concursos\/iiiconcursofotografia\/regulamento\" target=\"_blank\">Consultar Regulamento<\/a><\/p>\n","protected":false},"excerpt":{"rendered":"<p>O Aspiring Geopark Estrela convida toda a popula\u00e7\u00e3o a participar, com o seu olhar e a sua sensibilidade, no concurso de fotografia sobre o territ\u00f3rio deste Aspirante a Geopark Mundial da UNESCO. Este territ\u00f3rio \u00e9 composto pelos munic\u00edpios de Belmonte, Celorico da Beira, Covilh\u00e3, Fornos de Algodres, Gouveia, Guarda, Manteigas, Oliveira do Hospital e Seia. [&hellip;]<\/p>\n","protected":false},"author":2629,"featured_media":0,"comment_status":"closed","ping_status":"closed","sticky":false,"template":"","format":"standard","meta":{"footnotes":""},"categories":[62,63],"tags":[],"class_list":["post-3838","post","type-post","status-publish","format-standard","hentry","category-desafio","category-noticia"],"_links":{"self":[{"href":"https:\/\/fotografiaportugal.pt\/site\/wp-json\/wp\/v2\/posts\/3838","targetHints":{"allow":["GET"]}}],"collection":[{"href":"https:\/\/fotografiaportugal.pt\/site\/wp-json\/wp\/v2\/posts"}],"about":[{"href":"https:\/\/fotografiaportugal.pt\/site\/wp-json\/wp\/v2\/types\/post"}],"author":[{"embeddable":true,"href":"https:\/\/fotografiaportugal.pt\/site\/wp-json\/wp\/v2\/users\/2629"}],"replies":[{"embeddable":true,"href":"https:\/\/fotografiaportugal.pt\/site\/wp-json\/wp\/v2\/comments?post=3838"}],"version-history":[{"count":1,"href":"https:\/\/fotografiaportugal.pt\/site\/wp-json\/wp\/v2\/posts\/3838\/revisions"}],"predecessor-version":[{"id":3840,"href":"https:\/\/fotografiaportugal.pt\/site\/wp-json\/wp\/v2\/posts\/3838\/revisions\/3840"}],"wp:attachment":[{"href":"https:\/\/fotografiaportugal.pt\/site\/wp-json\/wp\/v2\/media?parent=3838"}],"wp:term":[{"taxonomy":"category","embeddable":true,"href":"https:\/\/fotografiaportugal.pt\/site\/wp-json\/wp\/v2\/categories?post=3838"},{"taxonomy":"post_tag","embeddable":true,"href":"https:\/\/fotografiaportugal.pt\/site\/wp-json\/wp\/v2\/tags?post=3838"}],"curies":[{"name":"wp","href":"https:\/\/api.w.org\/{rel}","templated":true}]}}