{"id":8885,"date":"2021-02-12T16:40:38","date_gmt":"2021-02-12T16:40:38","guid":{"rendered":"http:\/\/fotografiaportugal.pt\/site\/?p=8885"},"modified":"2021-02-12T16:40:38","modified_gmt":"2021-02-12T16:40:38","slug":"entrevista-de-jorge-bacelar-para-a-tsf-no-programa-um-dia-de-cada-vez","status":"publish","type":"post","link":"https:\/\/fotografiaportugal.pt\/site\/entrevista-de-jorge-bacelar-para-a-tsf-no-programa-um-dia-de-cada-vez\/","title":{"rendered":"Entrevista de Jorge Bacelar para a TSF, no programa \u00abUm dia de cada vez\u00bb"},"content":{"rendered":"<p><a href=\"https:\/\/www.tsf.pt\/programa\/um-dia-de-cada-vez\/as-luzes-da-ruralidade-13342434.html\" target=\"_blank\" rel=\"noopener\"><img loading=\"lazy\" decoding=\"async\" class=\"alignnone size-medium wp-image-8884\" src=\"https:\/\/fotografiaportugal.pt\/site\/wp-content\/uploads\/2019\/10\/TSF-Jorge_Bacelar-300x62.png\" alt=\"\" width=\"300\" height=\"62\" srcset=\"https:\/\/fotografiaportugal.pt\/site\/wp-content\/uploads\/2019\/10\/TSF-Jorge_Bacelar-300x62.png 300w, https:\/\/fotografiaportugal.pt\/site\/wp-content\/uploads\/2019\/10\/TSF-Jorge_Bacelar.png 709w\" sizes=\"auto, (max-width: 300px) 100vw, 300px\" \/><\/a><\/p>\n<p><strong>Jorge Bacelar<\/strong>, autor do livro \u00ab<strong>RURALIDADES<\/strong>\u00bb <a href=\"https:\/\/www.tsf.pt\/programa\/um-dia-de-cada-vez\/as-luzes-da-ruralidade-13342434.html\" target=\"_blank\" rel=\"noopener\">entrevistado para o programa \u00ab<strong>Um dia de cada vez<\/strong>\u00bb<\/a>, de Teresa Dias Mendes com sonoriza\u00e7\u00e3o de Jos\u00e9 Guerreiro.<\/p>\n<p><a href=\"https:\/\/fotografiaportugal.pt\/site\/shop\/livros\/ruralidades-ruralities\/\"><img loading=\"lazy\" decoding=\"async\" class=\"alignnone size-medium wp-image-5739\" src=\"https:\/\/fotografiaportugal.pt\/site\/wp-content\/uploads\/2019\/10\/2ed_Ruralidades_K3D-1500px-300x224.jpg\" alt=\"\" width=\"300\" height=\"224\" srcset=\"https:\/\/fotografiaportugal.pt\/site\/wp-content\/uploads\/2019\/10\/2ed_Ruralidades_K3D-1500px-300x224.jpg 300w, https:\/\/fotografiaportugal.pt\/site\/wp-content\/uploads\/2019\/10\/2ed_Ruralidades_K3D-1500px-1024x763.jpg 1024w, https:\/\/fotografiaportugal.pt\/site\/wp-content\/uploads\/2019\/10\/2ed_Ruralidades_K3D-1500px-672x501.jpg 672w, https:\/\/fotografiaportugal.pt\/site\/wp-content\/uploads\/2019\/10\/2ed_Ruralidades_K3D-1500px.jpg 1500w\" sizes=\"auto, (max-width: 300px) 100vw, 300px\" \/><\/a><\/p>\n<p><a href=\"https:\/\/fotografiaportugal.pt\/site\/shop\/livros\/ruralidades-ruralities\/\">Livro\u00a0\u00ab<strong>RURALIDADES<\/strong>\u00bb<\/a><\/p>\n<p>&nbsp;<\/p>\n","protected":false},"excerpt":{"rendered":"<p>Jorge Bacelar, autor do livro \u00abRURALIDADES\u00bb entrevistado para o programa \u00abUm dia de cada vez\u00bb, de Teresa Dias Mendes com sonoriza\u00e7\u00e3o de Jos\u00e9 Guerreiro. Livro\u00a0\u00abRURALIDADES\u00bb &nbsp;<\/p>\n","protected":false},"author":2629,"featured_media":0,"comment_status":"closed","ping_status":"closed","sticky":false,"template":"","format":"standard","meta":{"footnotes":""},"categories":[113,63],"tags":[],"class_list":["post-8885","post","type-post","status-publish","format-standard","hentry","category-livros","category-noticia"],"_links":{"self":[{"href":"https:\/\/fotografiaportugal.pt\/site\/wp-json\/wp\/v2\/posts\/8885","targetHints":{"allow":["GET"]}}],"collection":[{"href":"https:\/\/fotografiaportugal.pt\/site\/wp-json\/wp\/v2\/posts"}],"about":[{"href":"https:\/\/fotografiaportugal.pt\/site\/wp-json\/wp\/v2\/types\/post"}],"author":[{"embeddable":true,"href":"https:\/\/fotografiaportugal.pt\/site\/wp-json\/wp\/v2\/users\/2629"}],"replies":[{"embeddable":true,"href":"https:\/\/fotografiaportugal.pt\/site\/wp-json\/wp\/v2\/comments?post=8885"}],"version-history":[{"count":1,"href":"https:\/\/fotografiaportugal.pt\/site\/wp-json\/wp\/v2\/posts\/8885\/revisions"}],"predecessor-version":[{"id":8886,"href":"https:\/\/fotografiaportugal.pt\/site\/wp-json\/wp\/v2\/posts\/8885\/revisions\/8886"}],"wp:attachment":[{"href":"https:\/\/fotografiaportugal.pt\/site\/wp-json\/wp\/v2\/media?parent=8885"}],"wp:term":[{"taxonomy":"category","embeddable":true,"href":"https:\/\/fotografiaportugal.pt\/site\/wp-json\/wp\/v2\/categories?post=8885"},{"taxonomy":"post_tag","embeddable":true,"href":"https:\/\/fotografiaportugal.pt\/site\/wp-json\/wp\/v2\/tags?post=8885"}],"curies":[{"name":"wp","href":"https:\/\/api.w.org\/{rel}","templated":true}]}}