{"id":8948,"date":"2021-03-22T12:32:39","date_gmt":"2021-03-22T12:32:39","guid":{"rendered":"http:\/\/fotografiaportugal.pt\/site\/?p=8948"},"modified":"2021-03-22T19:29:58","modified_gmt":"2021-03-22T19:29:58","slug":"jorge-bacelar-na-sic-e-no-agora","status":"publish","type":"post","link":"https:\/\/fotografiaportugal.pt\/site\/jorge-bacelar-na-sic-e-no-agora\/","title":{"rendered":"Jorge Bacelar na SIC e no Agora"},"content":{"rendered":"<p><a href=\"https:\/\/fotografiaportugal.pt\/site\/shop\/livros\/ruralidades-ruralities\/\" target=\"_blank\" rel=\"noopener\"><strong>Jorge Bacelar<\/strong><\/a> foi entrevistado no <a href=\"https:\/\/sicnoticias.pt\/cultura\/2021-03-21-Veterinario-de-Aveiro-vence-premio-internacional-com-fotografia-de-agricultor-abracado-a-uma-cabra-4a74cd1e\" target=\"_blank\" rel=\"noopener\"><strong>Primeiro Jornal<\/strong><\/a> da <a href=\"https:\/\/sicnoticias.pt\/cultura\/2021-03-21-Veterinario-de-Aveiro-vence-premio-internacional-com-fotografia-de-agricultor-abracado-a-uma-cabra-4a74cd1e\" target=\"_blank\" rel=\"noopener\"><strong>SIC<\/strong><\/a> no domingo, dia 21 de mar\u00e7o.<\/p>\n<p><a href=\"https:\/\/sicnoticias.pt\/cultura\/2021-03-21-Veterinario-de-Aveiro-vence-premio-internacional-com-fotografia-de-agricultor-abracado-a-uma-cabra-4a74cd1e\" target=\"_blank\" rel=\"noopener\"><img loading=\"lazy\" decoding=\"async\" class=\"alignnone wp-image-8950\" src=\"https:\/\/fotografiaportugal.pt\/site\/wp-content\/uploads\/2021\/03\/SIC-Jorge_Bacelar-300x266.png\" alt=\"\" width=\"417\" height=\"370\" srcset=\"https:\/\/fotografiaportugal.pt\/site\/wp-content\/uploads\/2021\/03\/SIC-Jorge_Bacelar-300x266.png 300w, https:\/\/fotografiaportugal.pt\/site\/wp-content\/uploads\/2021\/03\/SIC-Jorge_Bacelar.png 944w\" sizes=\"auto, (max-width: 417px) 100vw, 417px\" \/><\/a><\/p>\n<p>Ver tamb\u00e9m entrevista do agora &#8211; <strong>The Global Talent Awards<\/strong>:<\/p>\n<p><iframe loading=\"lazy\" width=\"980\" height=\"551\" src=\"https:\/\/www.youtube.com\/embed\/M8TwZ5PqEZ4?feature=oembed\" frameborder=\"0\" allow=\"accelerometer; autoplay; clipboard-write; encrypted-media; gyroscope; picture-in-picture\" allowfullscreen><\/iframe><\/p>\n<p>Ver aqui a ficha t\u00e9cnica e sinopse do\u00a0<a href=\"https:\/\/fotografiaportugal.pt\/site\/shop\/livros\/ruralidades-ruralities\/\">livro\u00a0\u00ab<strong>RURALIDADES<\/strong>\u00bb<\/a>:<\/p>\n<p><a href=\"https:\/\/fotografiaportugal.pt\/site\/shop\/livros\/ruralidades-ruralities\/\"><img loading=\"lazy\" decoding=\"async\" class=\"alignnone size-medium wp-image-5739\" src=\"https:\/\/fotografiaportugal.pt\/site\/wp-content\/uploads\/2019\/10\/2ed_Ruralidades_K3D-1500px-300x224.jpg\" alt=\"\" width=\"300\" height=\"224\" srcset=\"https:\/\/fotografiaportugal.pt\/site\/wp-content\/uploads\/2019\/10\/2ed_Ruralidades_K3D-1500px-300x224.jpg 300w, https:\/\/fotografiaportugal.pt\/site\/wp-content\/uploads\/2019\/10\/2ed_Ruralidades_K3D-1500px-1024x763.jpg 1024w, https:\/\/fotografiaportugal.pt\/site\/wp-content\/uploads\/2019\/10\/2ed_Ruralidades_K3D-1500px-672x501.jpg 672w, https:\/\/fotografiaportugal.pt\/site\/wp-content\/uploads\/2019\/10\/2ed_Ruralidades_K3D-1500px.jpg 1500w\" sizes=\"auto, (max-width: 300px) 100vw, 300px\" \/><\/a><\/p>\n<p>podendo comprar o mesmo em <a href=\"https:\/\/fotografiaportugal.pt\/site\/shop\/livros\/ruralidades-ruralities\/\">condi\u00e7\u00f5es muito especiais<\/a>.<\/p>\n","protected":false},"excerpt":{"rendered":"<p>Jorge Bacelar foi entrevistado no Primeiro Jornal da SIC no domingo, dia 21 de mar\u00e7o. Ver tamb\u00e9m entrevista do agora &#8211; The Global Talent Awards: Ver aqui a ficha t\u00e9cnica e sinopse do\u00a0livro\u00a0\u00abRURALIDADES\u00bb: podendo comprar o mesmo em condi\u00e7\u00f5es muito especiais.<\/p>\n","protected":false},"author":2629,"featured_media":0,"comment_status":"closed","ping_status":"closed","sticky":false,"template":"","format":"standard","meta":{"footnotes":""},"categories":[113,63],"tags":[242,241],"class_list":["post-8948","post","type-post","status-publish","format-standard","hentry","category-livros","category-noticia","tag-jorge-bacelar","tag-ruralidades"],"_links":{"self":[{"href":"https:\/\/fotografiaportugal.pt\/site\/wp-json\/wp\/v2\/posts\/8948","targetHints":{"allow":["GET"]}}],"collection":[{"href":"https:\/\/fotografiaportugal.pt\/site\/wp-json\/wp\/v2\/posts"}],"about":[{"href":"https:\/\/fotografiaportugal.pt\/site\/wp-json\/wp\/v2\/types\/post"}],"author":[{"embeddable":true,"href":"https:\/\/fotografiaportugal.pt\/site\/wp-json\/wp\/v2\/users\/2629"}],"replies":[{"embeddable":true,"href":"https:\/\/fotografiaportugal.pt\/site\/wp-json\/wp\/v2\/comments?post=8948"}],"version-history":[{"count":3,"href":"https:\/\/fotografiaportugal.pt\/site\/wp-json\/wp\/v2\/posts\/8948\/revisions"}],"predecessor-version":[{"id":8954,"href":"https:\/\/fotografiaportugal.pt\/site\/wp-json\/wp\/v2\/posts\/8948\/revisions\/8954"}],"wp:attachment":[{"href":"https:\/\/fotografiaportugal.pt\/site\/wp-json\/wp\/v2\/media?parent=8948"}],"wp:term":[{"taxonomy":"category","embeddable":true,"href":"https:\/\/fotografiaportugal.pt\/site\/wp-json\/wp\/v2\/categories?post=8948"},{"taxonomy":"post_tag","embeddable":true,"href":"https:\/\/fotografiaportugal.pt\/site\/wp-json\/wp\/v2\/tags?post=8948"}],"curies":[{"name":"wp","href":"https:\/\/api.w.org\/{rel}","templated":true}]}}