{"id":988,"date":"2015-08-12T20:57:34","date_gmt":"2015-08-12T20:57:34","guid":{"rendered":"http:\/\/fotografiaportugal.pt\/site\/?p=988"},"modified":"2015-08-12T21:00:05","modified_gmt":"2015-08-12T21:00:05","slug":"miguel-claro-autor-do-livro-dark-sky-alqueva-no-programa-discurso-directo-da-tvi24","status":"publish","type":"post","link":"https:\/\/fotografiaportugal.pt\/site\/miguel-claro-autor-do-livro-dark-sky-alqueva-no-programa-discurso-directo-da-tvi24\/","title":{"rendered":"Miguel Claro, autor do livro Dark Sky Alqueva, no programa &#8220;Discurso Directo&#8221; da TVI24"},"content":{"rendered":"<p><iframe loading=\"lazy\" src=\"https:\/\/www.youtube.com\/embed\/2cV8w0oI1zI\" width=\"560\" height=\"315\" frameborder=\"0\" allowfullscreen=\"allowfullscreen\"><\/iframe><\/p>\n<p>Miguel Claro, autor do livro <a href=\"https:\/\/fotografiaportugal.pt\/site\/shop\/livros\/dark-sky-alqueva-o-destino-das-estrelas-a-star-destination\/\" target=\"_blank\">Dark Sky Alqueva<\/a>, foi o convidado da jornalista Paula Magalh\u00e3es para o programa em directo da TVI24 &#8211; &#8220;Discurso Directo&#8221; das 10h \u00e0s 11h &#8211; Edi\u00e7\u00e3o da manh\u00e3 de 12 de Agosto de 2015, onde esteve tamb\u00e9m o comentador desportivo Fernando Correia.<\/p>\n<p><!--more--><\/p>\n<p><strong><a href=\"https:\/\/fotografiaportugal.pt\/site\/shop\/livros\/dark-sky-alqueva-o-destino-das-estrelas-a-star-destination\/\"><img loading=\"lazy\" decoding=\"async\" class=\"alignnone size-full wp-image-950\" src=\"https:\/\/fotografiaportugal.pt\/site\/wp-content\/uploads\/2015\/07\/capa-livro-ca-darksky_190px-BR.jpg\" alt=\"capa-livro-ca-darksky_190px - BR\" width=\"190\" height=\"253\" srcset=\"https:\/\/fotografiaportugal.pt\/site\/wp-content\/uploads\/2015\/07\/capa-livro-ca-darksky_190px-BR.jpg 190w, https:\/\/fotografiaportugal.pt\/site\/wp-content\/uploads\/2015\/07\/capa-livro-ca-darksky_190px-BR-140x186.jpg 140w, https:\/\/fotografiaportugal.pt\/site\/wp-content\/uploads\/2015\/07\/capa-livro-ca-darksky_190px-BR-75x100.jpg 75w\" sizes=\"auto, (max-width: 190px) 100vw, 190px\" \/><\/a><\/strong><\/p>\n<p><strong><a href=\"https:\/\/fotografiaportugal.pt\/site\/shop\/livros\/dark-sky-alqueva-o-destino-das-estrelas-a-star-destination\/\">Dark Sky Alqueva \u2013 O Destino das Estrelas \/ A Star Destination<\/a><\/strong><\/p>\n<p>Autor: Miguel Claro<\/p>\n<p>ISBN: 978-989-615-204-8<\/p>\n<p>160 p\u00e1gs (a cores, em edi\u00e7\u00e3o de luxo: capa dura com sobrecapa)<\/p>\n<p>PVP: 28,85 Eur<\/p>\n<p>Colec\u00e7\u00e3o: Artes<\/p>\n<p>1.\u00aa edi\u00e7\u00e3o: 20 de Agosto<\/p>\n<p><strong>10% desconto de pr\u00e9-lan\u00e7amento<\/strong> para clientes<\/p>\n<p><strong>Pre\u00e7o especial para clientes<\/strong>: apenas <strong>25,96 Eur<\/strong> (com portes inclu\u00eddos)<\/p>\n<p>Data de lan\u00e7amento: 20 de Agosto de 2015<\/p>\n<p>Pr\u00e9-venda com envio at\u00e9 5 dias \u00fateis ap\u00f3s a data de lan\u00e7amento.<\/p>\n<table>\n<tbody>\n<tr>\n<td width=\"288\">A Terra est\u00e1 na zona habit\u00e1vel do Sol. Gerou vida inteligente e curiosa, deliciada com o mundo, mas a sua pr\u00f3pria evolu\u00e7\u00e3o retirou-lhe o c\u00e9u estrelado que a envolveu at\u00e9 h\u00e1 poucas centenas de anos.Este parapeito fabuloso est\u00e1 repleto de luz e movimento, mas o que o rodeia ficou ofuscado pelo seu pr\u00f3prio brilho: nos nossos dias a maioria das pessoas nunca viu a Via L\u00e1ctea.Para combater a polui\u00e7\u00e3o luminosa, culpada por este apag\u00e3o do c\u00e9u, foi criada a Reserva <strong>Dark Sky<sup>\u00ae<\/sup> Alqueva<\/strong>, no Alentejo, o primeiro destino do mundo certificado como \u201cDestino Tur\u00edstico Starlight\u201d por parte da Funda\u00e7\u00e3o Starlight, apoiada pela UNESCO e pela Organiza\u00e7\u00e3o Mundial de Turismo das Na\u00e7\u00f5es Unidas. Nesta zona \u00e9 poss\u00edvel observar o c\u00e9u dos nossos antepassados e a din\u00e2mica celeste que ocorre ao longo de uma noite num registo astro fotogr\u00e1fico. \u00c9 uma das formas de mostrar e comunicar ao mundo a import\u00e2ncia da astronomia, enfatizando a grandiosidade do patrim\u00f3nio arquitect\u00f3nico, cultural e paisag\u00edstico, numa uni\u00e3o entre o c\u00e9u e a terra, uma simbiose perfeita em que atrav\u00e9s da express\u00e3o fotogr\u00e1fica \u201cbeleza, ci\u00eancia e arte\u201d, caminharam lado-a-lado, permitindo registar imagens desde fen\u00f3menos celestes como o Airglow e a Luz Zodiacal, \u00e0 deslumbrante presen\u00e7a da Via L\u00e1ctea, que repleta de enxames de estrelas, nebulosas e poeira interestelar, se vai tornar inesquec\u00edvel. Fotografar o c\u00e9u, escrever com luz, \u00e9 uma das formas mais eficazes de comunicar ci\u00eancia.Venha ver por si.<\/td>\n<td width=\"288\">Earth is in the Sun&#8217;s habitable zone. It has generated life that is both intelligent and curious, delighted with the world. But the very evolution of life has stripped it of the star-filled sky which covered it until a few centuries ago. This fabulous &#8220;parapet&#8221; is full of light and movement, but what surrounds it is hidden by its own brilliance. Today, most people have never seen the Milky Way. In order to combat this light pollution, which is responsible for extinguishing the sky, the Alqueva Dark Sky\u00ae Reserve was created in the Alentejo, the first destination in the world to be designated as a Starlight Tourist Destination by the Starlight Foundation, supported by UNESCO and the United Nations World Tourism Organization (UNWTO). Here, in this astro photographic record, it is possible to observe the sky of our ancestors and the celestial dynamics that occur throughout one night. It is one of the ways to demonstrate and to communicate to the world the importance of Astronomy, and at the same time highlight a heritage of architecture, culture and landscape in a union of earth and sky. It is a perfect symbiosis where, through photographic expression, beauty, science and art walk side by side, allowing the recording of images ranging from celestial phenomena such as Airglow and Zodiacal Light to the wonderful presence of the Milky Way, full of star clusters, Nebulae and interstellar dust, making it all so unforgettable. Photographing the sky, writing with light, is one of the most efficient ways of communicating science. Come and see for yourself.<\/td>\n<\/tr>\n<\/tbody>\n<\/table>\n<p>&nbsp;<\/p>\n","protected":false},"excerpt":{"rendered":"<p>Miguel Claro, autor do livro Dark Sky Alqueva, foi o convidado da jornalista Paula Magalh\u00e3es para o programa em directo da TVI24 &#8211; &#8220;Discurso Directo&#8221; das 10h \u00e0s 11h &#8211; Edi\u00e7\u00e3o da manh\u00e3 de 12 de Agosto de 2015, onde esteve tamb\u00e9m o comentador desportivo Fernando Correia.<\/p>\n","protected":false},"author":2629,"featured_media":0,"comment_status":"closed","ping_status":"closed","sticky":false,"template":"","format":"standard","meta":{"footnotes":""},"categories":[113,63],"tags":[],"class_list":["post-988","post","type-post","status-publish","format-standard","hentry","category-livros","category-noticia"],"_links":{"self":[{"href":"https:\/\/fotografiaportugal.pt\/site\/wp-json\/wp\/v2\/posts\/988","targetHints":{"allow":["GET"]}}],"collection":[{"href":"https:\/\/fotografiaportugal.pt\/site\/wp-json\/wp\/v2\/posts"}],"about":[{"href":"https:\/\/fotografiaportugal.pt\/site\/wp-json\/wp\/v2\/types\/post"}],"author":[{"embeddable":true,"href":"https:\/\/fotografiaportugal.pt\/site\/wp-json\/wp\/v2\/users\/2629"}],"replies":[{"embeddable":true,"href":"https:\/\/fotografiaportugal.pt\/site\/wp-json\/wp\/v2\/comments?post=988"}],"version-history":[{"count":2,"href":"https:\/\/fotografiaportugal.pt\/site\/wp-json\/wp\/v2\/posts\/988\/revisions"}],"predecessor-version":[{"id":990,"href":"https:\/\/fotografiaportugal.pt\/site\/wp-json\/wp\/v2\/posts\/988\/revisions\/990"}],"wp:attachment":[{"href":"https:\/\/fotografiaportugal.pt\/site\/wp-json\/wp\/v2\/media?parent=988"}],"wp:term":[{"taxonomy":"category","embeddable":true,"href":"https:\/\/fotografiaportugal.pt\/site\/wp-json\/wp\/v2\/categories?post=988"},{"taxonomy":"post_tag","embeddable":true,"href":"https:\/\/fotografiaportugal.pt\/site\/wp-json\/wp\/v2\/tags?post=988"}],"curies":[{"name":"wp","href":"https:\/\/api.w.org\/{rel}","templated":true}]}}